{"id":8726,"date":"2020-07-14T14:02:53","date_gmt":"2020-07-14T12:02:53","guid":{"rendered":"https:\/\/ethrat.ch\/commission-de-conciliation\/"},"modified":"2020-07-14T14:02:53","modified_gmt":"2020-07-14T12:02:53","slug":"commission-de-conciliation","status":"publish","type":"post","link":"https:\/\/ethrat.ch\/fr\/commission-de-conciliation\/","title":{"rendered":"Commission de conciliation"},"content":{"rendered":"<p><span><span><span lang=\"FR-CH\" xml_lang=\"FR-CH\" xml_lang=\"FR-CH\">La commission de conciliation selon la Loi sur l\u2019\u00e9galit\u00e9 pour le personnel du Domaine des EPF (<\/span><a href=\"mailto:schlichtungskommission.eth-bereich@ethrat.ch\"><span lang=\"FR-CH\" xml_lang=\"FR-CH\" xml_lang=\"FR-CH\">schlichtungskommission.eth-bereich@ethrat.ch<\/span><\/a>) <span lang=\"FR-CH\" xml_lang=\"FR-CH\" xml_lang=\"FR-CH\">informe et conseille les parties (employeur et employ\u00e9s) en cas de litige entrant dans le champ d\u2019application de la Loi sur l\u2019\u00e9galit\u00e9 et concernant les rapports de travail au sein du Domaine des EPF. Son objectif est de parvenir, dans le cadre d\u2019une proc\u00e9dure orale, \u00e0 un r\u00e8glement \u00e0 l\u2019amiable du litige afin d\u2019\u00e9viter une action judiciaire. La commission de conciliation ne rend pas de jugement. Elle traite les cas de mani\u00e8re confidentielle, mais pas anonyme. <\/span><\/span><\/span><\/p>\n<p><span><span><span><span><span lang=\"FR-CH\" xml_lang=\"FR-CH\" xml_lang=\"FR-CH\">Les th\u00e8mes suivants peuvent \u00eatre trait\u00e9s par la commission de conciliation dans la mesure o\u00f9 ils entrent dans le champ d\u2019application de la Loi sur l\u2019\u00e9galit\u00e9:<\/span><\/span><\/span><\/span><\/span><\/p>\n<ul>\n<li><span><span><span><span>Salaire<\/span><\/span><\/span><\/span><\/li>\n<li><span><span><span><span>Attribution des t\u00e2ches <\/span><\/span><\/span><\/span><\/li>\n<li><span><span><span><span>Formation et perfectionnement <\/span><\/span><\/span><\/span><\/li>\n<li><span><span><span><span>Promotion<\/span><\/span><\/span><\/span><\/li>\n<li><span><span><span><span>Am\u00e9nagement des conditions de travail<\/span><\/span><\/span><\/span><\/li>\n<li><span><span><span><span>Embauche ou r\u00e9siliation des rapports de travail<\/span><\/span><\/span><\/span><\/li>\n<li><span><span><span><span>Harc\u00e8lement sexuel<\/span><\/span><\/span><\/span><\/li>\n<li><span><span><span><span>Harc\u00e8lement moral, lorsque celui-ci a lieu en raison du sexe ou parce que la personne<br \/>\n\tconcern\u00e9e a exig\u00e9 l\u2019\u00e9galit\u00e9 entre femmes et hommes<\/span><\/span><\/span><\/span><\/li>\n<\/ul>\n<h2><span><span><span><span><span lang=\"FR-CH\" xml_lang=\"FR-CH\" xml_lang=\"FR-CH\">Membres et membres suppl\u00e9ants de la commission de conciliation<\/span><\/span><\/span><\/span><\/span><\/h2>\n<p><span><span><span><span><strong><span lang=\"FR-CH\" xml_lang=\"FR-CH\" xml_lang=\"FR-CH\">Pr\u00e9sidence:<\/span><\/strong><\/span><\/span><\/span><\/span><\/p>\n<p><span><span><span><span>Anne-Catherine Hahn, pr\u00e9sidente<\/span><\/span><\/span><\/span><\/p>\n<p><span><span><span><span><strong><span lang=\"FR-CH\" xml_lang=\"FR-CH\" xml_lang=\"FR-CH\">Repr\u00e9sentants de l\u2019employeur:<\/span><\/strong><\/span><\/span><\/span><\/span><\/p>\n<ul>\n<li><span><span><span><span>Andreas Kirstein, ETH Zurich (membre)<\/span><\/span><\/span><\/span><\/li>\n<li><span><span><span><span>H\u00e9l\u00e8ne Fueger, EPFL (membre)<\/span><\/span><\/span><\/span><\/li>\n<li><span><span><span><span>Natalie Lerch-Pieper, PSI \/ Eawag (membre suppl\u00e9ant)<\/span><\/span><\/span><\/span><\/li>\n<li><span><span><span><span>David Heusser, Empa \/ WSL (membre suppl\u00e9ant)<\/span><\/span><\/span><\/span><\/li>\n<\/ul>\n<p><span><span><span><span><strong><span lang=\"FR-CH\" xml_lang=\"FR-CH\" xml_lang=\"FR-CH\">Repr\u00e9sentants des employ\u00e9s: <\/span><\/strong><\/span><\/span><\/span><\/span><\/p>\n<ul>\n<li><span><span><span><span>Gregor Spuhler, ETH Zurich (membre)<\/span><\/span><\/span><\/span><\/li>\n<li><span><span><span><span>Sabine S\u00fcsstrunk, EPFL (membre)<\/span><\/span><\/span><\/span><\/li>\n<li><span lang=\"FR-CH\" xml_lang=\"FR-CH\" xml_lang=\"FR-CH\"><span>Rowena Crockett, Empa \/ WSL (membre suppl\u00e9ant)<\/span><\/span><\/li>\n<li><span><span><span><span>Dario Marty, PSI \/ Eawag (membre suppl\u00e9ant)<\/span><\/span><\/span><\/span><\/li>\n<\/ul>\n","protected":false},"excerpt":{"rendered":"<p>La commission de conciliation selon la Loi sur l\u2019\u00e9galit\u00e9 pour le personnel du Domaine des EPF (schlichtungskommission.eth-bereich@ethrat.ch) informe et conseille les parties (employeur et employ\u00e9s) en cas de litige entrant dans le champ d\u2019application de la Loi sur l\u2019\u00e9galit\u00e9 et concernant les rapports de travail au sein du Domaine des EPF. Son objectif est de &#8230;<\/p>\n","protected":false},"author":20,"featured_media":0,"comment_status":"open","ping_status":"open","sticky":false,"template":"","format":"standard","meta":{"_acf_changed":false,"footnotes":"","_links_to":"","_links_to_target":""},"categories":[265],"tags":[],"search-tag":[],"class_list":["post-8726","post","type-post","status-publish","format-standard","hentry","category-communique-de-presse"],"acf":[],"yoast_head":"<!-- This site is optimized with the Yoast SEO plugin v27.3 - https:\/\/yoast.com\/product\/yoast-seo-wordpress\/ -->\n<title>Commission de conciliation - Conseil des EPF<\/title>\n<meta name=\"robots\" content=\"index, follow, max-snippet:-1, max-image-preview:large, max-video-preview:-1\" \/>\n<link rel=\"canonical\" href=\"https:\/\/ethrat.ch\/fr\/commission-de-conciliation\/\" \/>\n<meta property=\"og:locale\" content=\"fr_FR\" \/>\n<meta property=\"og:type\" content=\"article\" \/>\n<meta property=\"og:title\" content=\"Commission de conciliation - Conseil des EPF\" \/>\n<meta property=\"og:description\" content=\"La commission de conciliation selon la Loi sur l\u2019\u00e9galit\u00e9 pour le personnel du Domaine des EPF (schlichtungskommission.eth-bereich@ethrat.ch) informe et conseille les parties (employeur et employ\u00e9s) en cas de litige entrant dans le champ d\u2019application de la Loi sur l\u2019\u00e9galit\u00e9 et concernant les rapports de travail au sein du Domaine des EPF. Son objectif est de ...\" \/>\n<meta property=\"og:url\" content=\"https:\/\/ethrat.ch\/fr\/commission-de-conciliation\/\" \/>\n<meta property=\"og:site_name\" content=\"Conseil des EPF\" \/>\n<meta property=\"article:published_time\" content=\"2020-07-14T12:02:53+00:00\" \/>\n<meta name=\"author\" content=\"flake Devlopment\" \/>\n<meta name=\"twitter:card\" content=\"summary_large_image\" \/>\n<meta name=\"twitter:creator\" content=\"@eth_rat\" \/>\n<meta name=\"twitter:site\" content=\"@eth_rat\" \/>\n<meta name=\"twitter:label1\" content=\"\u00c9crit par\" \/>\n\t<meta name=\"twitter:data1\" content=\"flake Devlopment\" \/>\n\t<meta name=\"twitter:label2\" content=\"Dur\u00e9e de lecture estim\u00e9e\" \/>\n\t<meta name=\"twitter:data2\" content=\"1 minute\" \/>\n<script type=\"application\/ld+json\" class=\"yoast-schema-graph\">{\"@context\":\"https:\\\/\\\/schema.org\",\"@graph\":[{\"@type\":\"Article\",\"@id\":\"https:\\\/\\\/ethrat.ch\\\/fr\\\/commission-de-conciliation\\\/#article\",\"isPartOf\":{\"@id\":\"https:\\\/\\\/ethrat.ch\\\/fr\\\/commission-de-conciliation\\\/\"},\"author\":{\"name\":\"flake Devlopment\",\"@id\":\"https:\\\/\\\/ethrat.ch\\\/de\\\/#\\\/schema\\\/person\\\/6dfc2b172198518960f5104d9a9c1fc3\"},\"headline\":\"Commission de conciliation\",\"datePublished\":\"2020-07-14T12:02:53+00:00\",\"mainEntityOfPage\":{\"@id\":\"https:\\\/\\\/ethrat.ch\\\/fr\\\/commission-de-conciliation\\\/\"},\"wordCount\":264,\"commentCount\":0,\"publisher\":{\"@id\":\"https:\\\/\\\/ethrat.ch\\\/de\\\/#organization\"},\"articleSection\":[\"Communiqu\u00e9 de presse\"],\"inLanguage\":\"fr-FR\",\"potentialAction\":[{\"@type\":\"CommentAction\",\"name\":\"Comment\",\"target\":[\"https:\\\/\\\/ethrat.ch\\\/fr\\\/commission-de-conciliation\\\/#respond\"]}]},{\"@type\":\"WebPage\",\"@id\":\"https:\\\/\\\/ethrat.ch\\\/fr\\\/commission-de-conciliation\\\/\",\"url\":\"https:\\\/\\\/ethrat.ch\\\/fr\\\/commission-de-conciliation\\\/\",\"name\":\"Commission de conciliation - Conseil des EPF\",\"isPartOf\":{\"@id\":\"https:\\\/\\\/ethrat.ch\\\/de\\\/#website\"},\"datePublished\":\"2020-07-14T12:02:53+00:00\",\"breadcrumb\":{\"@id\":\"https:\\\/\\\/ethrat.ch\\\/fr\\\/commission-de-conciliation\\\/#breadcrumb\"},\"inLanguage\":\"fr-FR\",\"potentialAction\":[{\"@type\":\"ReadAction\",\"target\":[\"https:\\\/\\\/ethrat.ch\\\/fr\\\/commission-de-conciliation\\\/\"]}]},{\"@type\":\"BreadcrumbList\",\"@id\":\"https:\\\/\\\/ethrat.ch\\\/fr\\\/commission-de-conciliation\\\/#breadcrumb\",\"itemListElement\":[{\"@type\":\"ListItem\",\"position\":1,\"name\":\"Home\",\"item\":\"https:\\\/\\\/ethrat.ch\\\/fr\\\/\"},{\"@type\":\"ListItem\",\"position\":2,\"name\":\"Commission de conciliation\"}]},{\"@type\":\"WebSite\",\"@id\":\"https:\\\/\\\/ethrat.ch\\\/de\\\/#website\",\"url\":\"https:\\\/\\\/ethrat.ch\\\/de\\\/\",\"name\":\"ETH-Rat\",\"description\":\"\",\"publisher\":{\"@id\":\"https:\\\/\\\/ethrat.ch\\\/de\\\/#organization\"},\"potentialAction\":[{\"@type\":\"SearchAction\",\"target\":{\"@type\":\"EntryPoint\",\"urlTemplate\":\"https:\\\/\\\/ethrat.ch\\\/de\\\/?s={search_term_string}\"},\"query-input\":{\"@type\":\"PropertyValueSpecification\",\"valueRequired\":true,\"valueName\":\"search_term_string\"}}],\"inLanguage\":\"fr-FR\"},{\"@type\":\"Organization\",\"@id\":\"https:\\\/\\\/ethrat.ch\\\/de\\\/#organization\",\"name\":\"ETH-Rat\",\"url\":\"https:\\\/\\\/ethrat.ch\\\/de\\\/\",\"logo\":{\"@type\":\"ImageObject\",\"inLanguage\":\"fr-FR\",\"@id\":\"https:\\\/\\\/ethrat.ch\\\/de\\\/#\\\/schema\\\/logo\\\/image\\\/\",\"url\":\"https:\\\/\\\/ethrat.ch\\\/wp-content\\\/uploads\\\/2024\\\/04\\\/logo-white.svg\",\"contentUrl\":\"https:\\\/\\\/ethrat.ch\\\/wp-content\\\/uploads\\\/2024\\\/04\\\/logo-white.svg\",\"width\":283,\"height\":81,\"caption\":\"ETH-Rat\"},\"image\":{\"@id\":\"https:\\\/\\\/ethrat.ch\\\/de\\\/#\\\/schema\\\/logo\\\/image\\\/\"},\"sameAs\":[\"https:\\\/\\\/x.com\\\/eth_rat\",\"https:\\\/\\\/issuu.com\\\/ethrat\",\"https:\\\/\\\/www.linkedin.com\\\/company\\\/eth-rat\\\/\"]},{\"@type\":\"Person\",\"@id\":\"https:\\\/\\\/ethrat.ch\\\/de\\\/#\\\/schema\\\/person\\\/6dfc2b172198518960f5104d9a9c1fc3\",\"name\":\"flake Devlopment\",\"image\":{\"@type\":\"ImageObject\",\"inLanguage\":\"fr-FR\",\"@id\":\"https:\\\/\\\/secure.gravatar.com\\\/avatar\\\/77339af75e5a085348aea02545c7a40698d91ee01cc6a6f97f82e6e3e4ca3ea0?s=96&d=mm&r=g\",\"url\":\"https:\\\/\\\/secure.gravatar.com\\\/avatar\\\/77339af75e5a085348aea02545c7a40698d91ee01cc6a6f97f82e6e3e4ca3ea0?s=96&d=mm&r=g\",\"contentUrl\":\"https:\\\/\\\/secure.gravatar.com\\\/avatar\\\/77339af75e5a085348aea02545c7a40698d91ee01cc6a6f97f82e6e3e4ca3ea0?s=96&d=mm&r=g\",\"caption\":\"flake Devlopment\"},\"url\":\"https:\\\/\\\/ethrat.ch\\\/fr\\\/author\\\/flake_work\\\/\"}]}<\/script>\n<!-- \/ Yoast SEO plugin. -->","yoast_head_json":{"title":"Commission de conciliation - Conseil des EPF","robots":{"index":"index","follow":"follow","max-snippet":"max-snippet:-1","max-image-preview":"max-image-preview:large","max-video-preview":"max-video-preview:-1"},"canonical":"https:\/\/ethrat.ch\/fr\/commission-de-conciliation\/","og_locale":"fr_FR","og_type":"article","og_title":"Commission de conciliation - Conseil des EPF","og_description":"La commission de conciliation selon la Loi sur l\u2019\u00e9galit\u00e9 pour le personnel du Domaine des EPF (schlichtungskommission.eth-bereich@ethrat.ch) informe et conseille les parties (employeur et employ\u00e9s) en cas de litige entrant dans le champ d\u2019application de la Loi sur l\u2019\u00e9galit\u00e9 et concernant les rapports de travail au sein du Domaine des EPF. Son objectif est de ...","og_url":"https:\/\/ethrat.ch\/fr\/commission-de-conciliation\/","og_site_name":"Conseil des EPF","article_published_time":"2020-07-14T12:02:53+00:00","author":"flake Devlopment","twitter_card":"summary_large_image","twitter_creator":"@eth_rat","twitter_site":"@eth_rat","twitter_misc":{"\u00c9crit par":"flake Devlopment","Dur\u00e9e de lecture estim\u00e9e":"1 minute"},"schema":{"@context":"https:\/\/schema.org","@graph":[{"@type":"Article","@id":"https:\/\/ethrat.ch\/fr\/commission-de-conciliation\/#article","isPartOf":{"@id":"https:\/\/ethrat.ch\/fr\/commission-de-conciliation\/"},"author":{"name":"flake Devlopment","@id":"https:\/\/ethrat.ch\/de\/#\/schema\/person\/6dfc2b172198518960f5104d9a9c1fc3"},"headline":"Commission de conciliation","datePublished":"2020-07-14T12:02:53+00:00","mainEntityOfPage":{"@id":"https:\/\/ethrat.ch\/fr\/commission-de-conciliation\/"},"wordCount":264,"commentCount":0,"publisher":{"@id":"https:\/\/ethrat.ch\/de\/#organization"},"articleSection":["Communiqu\u00e9 de presse"],"inLanguage":"fr-FR","potentialAction":[{"@type":"CommentAction","name":"Comment","target":["https:\/\/ethrat.ch\/fr\/commission-de-conciliation\/#respond"]}]},{"@type":"WebPage","@id":"https:\/\/ethrat.ch\/fr\/commission-de-conciliation\/","url":"https:\/\/ethrat.ch\/fr\/commission-de-conciliation\/","name":"Commission de conciliation - Conseil des EPF","isPartOf":{"@id":"https:\/\/ethrat.ch\/de\/#website"},"datePublished":"2020-07-14T12:02:53+00:00","breadcrumb":{"@id":"https:\/\/ethrat.ch\/fr\/commission-de-conciliation\/#breadcrumb"},"inLanguage":"fr-FR","potentialAction":[{"@type":"ReadAction","target":["https:\/\/ethrat.ch\/fr\/commission-de-conciliation\/"]}]},{"@type":"BreadcrumbList","@id":"https:\/\/ethrat.ch\/fr\/commission-de-conciliation\/#breadcrumb","itemListElement":[{"@type":"ListItem","position":1,"name":"Home","item":"https:\/\/ethrat.ch\/fr\/"},{"@type":"ListItem","position":2,"name":"Commission de conciliation"}]},{"@type":"WebSite","@id":"https:\/\/ethrat.ch\/de\/#website","url":"https:\/\/ethrat.ch\/de\/","name":"ETH-Rat","description":"","publisher":{"@id":"https:\/\/ethrat.ch\/de\/#organization"},"potentialAction":[{"@type":"SearchAction","target":{"@type":"EntryPoint","urlTemplate":"https:\/\/ethrat.ch\/de\/?s={search_term_string}"},"query-input":{"@type":"PropertyValueSpecification","valueRequired":true,"valueName":"search_term_string"}}],"inLanguage":"fr-FR"},{"@type":"Organization","@id":"https:\/\/ethrat.ch\/de\/#organization","name":"ETH-Rat","url":"https:\/\/ethrat.ch\/de\/","logo":{"@type":"ImageObject","inLanguage":"fr-FR","@id":"https:\/\/ethrat.ch\/de\/#\/schema\/logo\/image\/","url":"https:\/\/ethrat.ch\/wp-content\/uploads\/2024\/04\/logo-white.svg","contentUrl":"https:\/\/ethrat.ch\/wp-content\/uploads\/2024\/04\/logo-white.svg","width":283,"height":81,"caption":"ETH-Rat"},"image":{"@id":"https:\/\/ethrat.ch\/de\/#\/schema\/logo\/image\/"},"sameAs":["https:\/\/x.com\/eth_rat","https:\/\/issuu.com\/ethrat","https:\/\/www.linkedin.com\/company\/eth-rat\/"]},{"@type":"Person","@id":"https:\/\/ethrat.ch\/de\/#\/schema\/person\/6dfc2b172198518960f5104d9a9c1fc3","name":"flake Devlopment","image":{"@type":"ImageObject","inLanguage":"fr-FR","@id":"https:\/\/secure.gravatar.com\/avatar\/77339af75e5a085348aea02545c7a40698d91ee01cc6a6f97f82e6e3e4ca3ea0?s=96&d=mm&r=g","url":"https:\/\/secure.gravatar.com\/avatar\/77339af75e5a085348aea02545c7a40698d91ee01cc6a6f97f82e6e3e4ca3ea0?s=96&d=mm&r=g","contentUrl":"https:\/\/secure.gravatar.com\/avatar\/77339af75e5a085348aea02545c7a40698d91ee01cc6a6f97f82e6e3e4ca3ea0?s=96&d=mm&r=g","caption":"flake Devlopment"},"url":"https:\/\/ethrat.ch\/fr\/author\/flake_work\/"}]}},"_links":{"self":[{"href":"https:\/\/ethrat.ch\/fr\/wp-json\/wp\/v2\/posts\/8726","targetHints":{"allow":["GET"]}}],"collection":[{"href":"https:\/\/ethrat.ch\/fr\/wp-json\/wp\/v2\/posts"}],"about":[{"href":"https:\/\/ethrat.ch\/fr\/wp-json\/wp\/v2\/types\/post"}],"author":[{"embeddable":true,"href":"https:\/\/ethrat.ch\/fr\/wp-json\/wp\/v2\/users\/20"}],"replies":[{"embeddable":true,"href":"https:\/\/ethrat.ch\/fr\/wp-json\/wp\/v2\/comments?post=8726"}],"version-history":[{"count":0,"href":"https:\/\/ethrat.ch\/fr\/wp-json\/wp\/v2\/posts\/8726\/revisions"}],"wp:attachment":[{"href":"https:\/\/ethrat.ch\/fr\/wp-json\/wp\/v2\/media?parent=8726"}],"wp:term":[{"taxonomy":"category","embeddable":true,"href":"https:\/\/ethrat.ch\/fr\/wp-json\/wp\/v2\/categories?post=8726"},{"taxonomy":"post_tag","embeddable":true,"href":"https:\/\/ethrat.ch\/fr\/wp-json\/wp\/v2\/tags?post=8726"},{"taxonomy":"search-tag","embeddable":true,"href":"https:\/\/ethrat.ch\/fr\/wp-json\/wp\/v2\/search-tag?post=8726"}],"curies":[{"name":"wp","href":"https:\/\/api.w.org\/{rel}","templated":true}]}}