{"id":57914,"date":"2026-03-05T15:20:34","date_gmt":"2026-03-05T14:20:34","guid":{"rendered":"https:\/\/ethrat.ch\/?p=57914"},"modified":"2026-03-05T15:20:34","modified_gmt":"2026-03-05T14:20:34","slug":"le-conseil-des-epf-lance-la-consultation-interne-au-domaine-des-epf-sur-le-projet-de-developpement-organisationnel-fit-for-the-future","status":"publish","type":"post","link":"https:\/\/ethrat.ch\/fr\/le-conseil-des-epf-lance-la-consultation-interne-au-domaine-des-epf-sur-le-projet-de-developpement-organisationnel-fit-for-the-future\/","title":{"rendered":"Le Conseil des EPF lance la consultation interne au Domaine des EPF sur le projet de d\u00e9veloppement organisationnel \u00abFIT for the Future\u00bb"},"content":{"rendered":"<h3>Consultation interne relative \u00e0 \u00ab<em>FIT for the Future<\/em>\u00bb avec deux variantes<\/h3>\n<p>Le Conseil des EPF entend resserrer la collaboration et renforcer la coordination au sein du Domaine des EPF dans le but d\u2019exploiter les synergies de mani\u00e8re encore plus cibl\u00e9e et d\u2019\u00e9viter les obstacles administratifs. A l\u2019avenir, le Domaine des EPF reposera sur trois piliers strat\u00e9giques forts: l\u2019ETH Zurich, l\u2019EPFL ainsi que les quatre \u00e9tablissements de recherche r\u00e9unis au sein d\u2019une m\u00eame structure.<\/p>\n<p>D\u00e9but 2024, le Conseil des EPF et les institutions du Domaine des EPF ont d\u00e9fini ensemble des objectifs en vue d\u2019introduire une organisation et une structure p\u00e9rennes pour le Domaine des EPF. Ils ont d\u00e9velopp\u00e9 sur ces bases deux variantes de mod\u00e8le gr\u00e2ce auxquelles les objectifs pourront \u00eatre mis en \u0153uvre. Les deux propositions se distinguent notamment par le degr\u00e9 d\u2019int\u00e9gration des quatre \u00e9tablissements de recherche. La premi\u00e8re, intitul\u00e9e \u00ab<em>Swiss National Labs<\/em>\u00bb (titre de travail), pr\u00e9voit que les \u00e9tablissements de recherche conservent chacun leur personnalit\u00e9 juridique. La seconde, intitul\u00e9e \u00ab<em>Swiss National Lab<\/em>\u00bb (titre de travail), pr\u00e9conise en revanche de les doter d\u2019une personnalit\u00e9 juridique unique. Dans les deux cas, les \u00e9tablissements de recherche seront r\u00e9unis au sein d\u2019une m\u00eame structure, qui affichera une nouvelle identit\u00e9 commune, tout en conservant leurs noms, leurs logos\/marques et leurs sites respectifs.<\/p>\n<p>Le Conseil des EPF a d\u00e9battu de ces deux variantes lors de sa s\u00e9ance des 4 et 5 mars 2026 et d\u00e9cid\u00e9 de les soumettre \u00e0 la consultation interne au Domaine des EPF. La proc\u00e9dure de consultation, qui d\u00e9butera apr\u00e8s la s\u00e9ance du Conseil des EPF, se poursuivra jusqu\u2019\u00e0 d\u00e9but juin. Apr\u00e8s examen des retours issus de la consultation, le Conseil des EPF devrait d\u00e9cider de la suite \u00e0 donner au projet dans le courant du second semestre. Des informations compl\u00e9mentaires sont disponibles sous le lien <a href=\"https:\/\/ethrat.ch\/fr\/domaine-des-epf\/fit-for-the-future\/\">https:\/\/ethrat.ch\/fr\/domaine-des-epf\/fit-for-the-future\/<\/a>.<\/p>\n<h3>Allocation des ressources aux institutions du Domaine des EPF pour l\u2019ann\u00e9e 2027<\/h3>\n<p>Le Conseil des EPF a proc\u00e9d\u00e9 \u00e0 la r\u00e9partition des fonds f\u00e9d\u00e9raux pour l\u2019ann\u00e9e 2027 durant la s\u00e9ance. Il a d\u00e9fini le financement des ressources destin\u00e9es aux initiatives strat\u00e9giques ainsi qu\u2019aux infrastructures de recherche planifi\u00e9es de mani\u00e8re centralis\u00e9e \u00e0 l\u2019\u00e9chelle du Domaine des EPF. Le Conseil des EPF a attribu\u00e9 la majeure partie des fonds f\u00e9d\u00e9raux pour 2027 aux deux \u00e9coles polytechniques de Zurich et de Lausanne, ainsi qu\u2019aux quatre \u00e9tablissements de recherche que sont le PSI, le WSL, l\u2019Empa et l\u2019Eawag. Les institutions du Domaine des EPF les utiliseront pour leur mandat de base, d\u2019une part, et pour la mise en \u0153uvre de leurs plans de d\u00e9veloppement, d\u2019autre part.<\/p>\n<h3>Compte rendu consolid\u00e9 2025 du Conseil des EPF sur le Domaine des EPF<\/h3>\n<p>Le Conseil des EPF a adopt\u00e9 le compte rendu consolid\u00e9 2025 sur le Domaine des EPF. Le rapport de gestion et le rapport financier du Conseil des EPF seront soumis \u00e0 l\u2019approbation du Conseil f\u00e9d\u00e9ral avant d\u2019\u00eatre publi\u00e9s sur le site Internet du Conseil des EPF. Pour les besoins du compte rendu consolid\u00e9, le Conseil des EPF \u00e9voque dans le rapport de gestion la r\u00e9alisation des Objectifs strat\u00e9giques assign\u00e9s par le Conseil f\u00e9d\u00e9ral au Domaine des EPF. Le rapport financier, qui est \u00e9tabli conform\u00e9ment aux normes comptables internationales, fournit quant \u00e0 lui des informations d\u00e9taill\u00e9es et transparentes sur l\u2019exercice financier 2025.<\/p>\n<h3>Changement \u00e0 la direction de l\u2019EPFL<\/h3>\n<p>Ambrogio Fasoli, Vice-pr\u00e9sident acad\u00e9mique et Provost de l\u2019EPFL depuis 2025, quittera ses fonctions au 31 mars 2026. Le Conseil des EPF remercie Monsieur Fasoli de son engagement \u00e0 la t\u00eate de la Vice-pr\u00e9sidence acad\u00e9mique de l\u2019EPFL et pour le Domaine des EPF. Au sein de la Direction, il a contribu\u00e9 \u00e0 de nombreuses \u00e9volutions dans le fonctionnement de la communaut\u00e9 acad\u00e9mique et au rayonnement international de l\u2019EPFL. Apr\u00e8s cette \u00e9tape importante, il va remettre l&rsquo;accent sur l\u2019enseignement et la recherche dans son domaine, la fusion nucl\u00e9aire, qui est en plein essor. La Vice-pr\u00e9sidence acad\u00e9mique de l\u2019EPFL sera assur\u00e9e ad interim par la Direction de l\u2019EPFL, en attendant de repourvoir le poste.<\/p>\n","protected":false},"excerpt":{"rendered":"<p>A l\u2019occasion de sa s\u00e9ance des 4 et 5 mars 2026, le Conseil des EPF a d\u00e9cid\u00e9 de soumettre deux variantes du projet de d\u00e9veloppement organisationnel \u00abFIT for the Future\u00bb \u00e0 la consultation interne au Domaine des EPF.<\/p>\n","protected":false},"author":11,"featured_media":0,"comment_status":"closed","ping_status":"closed","sticky":false,"template":"","format":"standard","meta":{"_acf_changed":false,"footnotes":"","_links_to":"","_links_to_target":""},"categories":[265],"tags":[],"search-tag":[],"class_list":["post-57914","post","type-post","status-publish","format-standard","hentry","category-communique-de-presse"],"acf":[],"yoast_head":"<!-- This site is optimized with the Yoast SEO plugin v27.3 - https:\/\/yoast.com\/product\/yoast-seo-wordpress\/ -->\n<title>Le Conseil des EPF lance la consultation interne au Domaine des EPF sur le projet de d\u00e9veloppement organisationnel \u00abFIT for the Future\u00bb - Conseil des EPF<\/title>\n<meta name=\"robots\" content=\"index, follow, max-snippet:-1, max-image-preview:large, max-video-preview:-1\" \/>\n<link rel=\"canonical\" href=\"https:\/\/ethrat.ch\/fr\/le-conseil-des-epf-lance-la-consultation-interne-au-domaine-des-epf-sur-le-projet-de-developpement-organisationnel-fit-for-the-future\/\" \/>\n<meta property=\"og:locale\" content=\"fr_FR\" \/>\n<meta property=\"og:type\" content=\"article\" \/>\n<meta property=\"og:title\" content=\"Le Conseil des EPF lance la consultation interne au Domaine des EPF sur le projet de d\u00e9veloppement organisationnel \u00abFIT for the Future\u00bb - Conseil des EPF\" \/>\n<meta property=\"og:description\" content=\"A l\u2019occasion de sa s\u00e9ance des 4 et 5 mars 2026, le Conseil des EPF a d\u00e9cid\u00e9 de soumettre deux variantes du projet de d\u00e9veloppement organisationnel \u00abFIT for the Future\u00bb \u00e0 la consultation interne au Domaine des EPF.\" \/>\n<meta property=\"og:url\" content=\"https:\/\/ethrat.ch\/fr\/le-conseil-des-epf-lance-la-consultation-interne-au-domaine-des-epf-sur-le-projet-de-developpement-organisationnel-fit-for-the-future\/\" \/>\n<meta property=\"og:site_name\" content=\"Conseil des EPF\" \/>\n<meta property=\"article:published_time\" content=\"2026-03-05T14:20:34+00:00\" \/>\n<meta name=\"author\" content=\"Pierre-Pascal Baumann\" \/>\n<meta name=\"twitter:card\" content=\"summary_large_image\" \/>\n<meta name=\"twitter:creator\" content=\"@eth_rat\" \/>\n<meta name=\"twitter:site\" content=\"@eth_rat\" \/>\n<meta name=\"twitter:label1\" content=\"\u00c9crit par\" \/>\n\t<meta name=\"twitter:data1\" content=\"Pierre-Pascal Baumann\" \/>\n\t<meta name=\"twitter:label2\" content=\"Dur\u00e9e de lecture estim\u00e9e\" \/>\n\t<meta name=\"twitter:data2\" content=\"4 minutes\" \/>\n<script type=\"application\/ld+json\" class=\"yoast-schema-graph\">{\"@context\":\"https:\\\/\\\/schema.org\",\"@graph\":[{\"@type\":\"Article\",\"@id\":\"https:\\\/\\\/ethrat.ch\\\/fr\\\/le-conseil-des-epf-lance-la-consultation-interne-au-domaine-des-epf-sur-le-projet-de-developpement-organisationnel-fit-for-the-future\\\/#article\",\"isPartOf\":{\"@id\":\"https:\\\/\\\/ethrat.ch\\\/fr\\\/le-conseil-des-epf-lance-la-consultation-interne-au-domaine-des-epf-sur-le-projet-de-developpement-organisationnel-fit-for-the-future\\\/\"},\"author\":{\"name\":\"Pierre-Pascal Baumann\",\"@id\":\"https:\\\/\\\/ethrat.ch\\\/de\\\/#\\\/schema\\\/person\\\/d9fefa0b5f78d403e1eadfd72e6d54b5\"},\"headline\":\"Le Conseil des EPF lance la consultation interne au Domaine des EPF sur le projet de d\u00e9veloppement organisationnel \u00abFIT for the Future\u00bb\",\"datePublished\":\"2026-03-05T14:20:34+00:00\",\"mainEntityOfPage\":{\"@id\":\"https:\\\/\\\/ethrat.ch\\\/fr\\\/le-conseil-des-epf-lance-la-consultation-interne-au-domaine-des-epf-sur-le-projet-de-developpement-organisationnel-fit-for-the-future\\\/\"},\"wordCount\":754,\"publisher\":{\"@id\":\"https:\\\/\\\/ethrat.ch\\\/de\\\/#organization\"},\"articleSection\":[\"Communiqu\u00e9 de presse\"],\"inLanguage\":\"fr-FR\"},{\"@type\":\"WebPage\",\"@id\":\"https:\\\/\\\/ethrat.ch\\\/fr\\\/le-conseil-des-epf-lance-la-consultation-interne-au-domaine-des-epf-sur-le-projet-de-developpement-organisationnel-fit-for-the-future\\\/\",\"url\":\"https:\\\/\\\/ethrat.ch\\\/fr\\\/le-conseil-des-epf-lance-la-consultation-interne-au-domaine-des-epf-sur-le-projet-de-developpement-organisationnel-fit-for-the-future\\\/\",\"name\":\"Le Conseil des EPF lance la consultation interne au Domaine des EPF sur le projet de d\u00e9veloppement organisationnel \u00abFIT for the Future\u00bb - Conseil des EPF\",\"isPartOf\":{\"@id\":\"https:\\\/\\\/ethrat.ch\\\/de\\\/#website\"},\"datePublished\":\"2026-03-05T14:20:34+00:00\",\"breadcrumb\":{\"@id\":\"https:\\\/\\\/ethrat.ch\\\/fr\\\/le-conseil-des-epf-lance-la-consultation-interne-au-domaine-des-epf-sur-le-projet-de-developpement-organisationnel-fit-for-the-future\\\/#breadcrumb\"},\"inLanguage\":\"fr-FR\",\"potentialAction\":[{\"@type\":\"ReadAction\",\"target\":[\"https:\\\/\\\/ethrat.ch\\\/fr\\\/le-conseil-des-epf-lance-la-consultation-interne-au-domaine-des-epf-sur-le-projet-de-developpement-organisationnel-fit-for-the-future\\\/\"]}]},{\"@type\":\"BreadcrumbList\",\"@id\":\"https:\\\/\\\/ethrat.ch\\\/fr\\\/le-conseil-des-epf-lance-la-consultation-interne-au-domaine-des-epf-sur-le-projet-de-developpement-organisationnel-fit-for-the-future\\\/#breadcrumb\",\"itemListElement\":[{\"@type\":\"ListItem\",\"position\":1,\"name\":\"Home\",\"item\":\"https:\\\/\\\/ethrat.ch\\\/fr\\\/\"},{\"@type\":\"ListItem\",\"position\":2,\"name\":\"Le Conseil des EPF lance la consultation interne au Domaine des EPF sur le projet de d\u00e9veloppement organisationnel \u00abFIT for the Future\u00bb\"}]},{\"@type\":\"WebSite\",\"@id\":\"https:\\\/\\\/ethrat.ch\\\/de\\\/#website\",\"url\":\"https:\\\/\\\/ethrat.ch\\\/de\\\/\",\"name\":\"ETH-Rat\",\"description\":\"\",\"publisher\":{\"@id\":\"https:\\\/\\\/ethrat.ch\\\/de\\\/#organization\"},\"potentialAction\":[{\"@type\":\"SearchAction\",\"target\":{\"@type\":\"EntryPoint\",\"urlTemplate\":\"https:\\\/\\\/ethrat.ch\\\/de\\\/?s={search_term_string}\"},\"query-input\":{\"@type\":\"PropertyValueSpecification\",\"valueRequired\":true,\"valueName\":\"search_term_string\"}}],\"inLanguage\":\"fr-FR\"},{\"@type\":\"Organization\",\"@id\":\"https:\\\/\\\/ethrat.ch\\\/de\\\/#organization\",\"name\":\"ETH-Rat\",\"url\":\"https:\\\/\\\/ethrat.ch\\\/de\\\/\",\"logo\":{\"@type\":\"ImageObject\",\"inLanguage\":\"fr-FR\",\"@id\":\"https:\\\/\\\/ethrat.ch\\\/de\\\/#\\\/schema\\\/logo\\\/image\\\/\",\"url\":\"https:\\\/\\\/ethrat.ch\\\/wp-content\\\/uploads\\\/2024\\\/04\\\/logo-white.svg\",\"contentUrl\":\"https:\\\/\\\/ethrat.ch\\\/wp-content\\\/uploads\\\/2024\\\/04\\\/logo-white.svg\",\"width\":283,\"height\":81,\"caption\":\"ETH-Rat\"},\"image\":{\"@id\":\"https:\\\/\\\/ethrat.ch\\\/de\\\/#\\\/schema\\\/logo\\\/image\\\/\"},\"sameAs\":[\"https:\\\/\\\/x.com\\\/eth_rat\",\"https:\\\/\\\/issuu.com\\\/ethrat\",\"https:\\\/\\\/www.linkedin.com\\\/company\\\/eth-rat\\\/\"]},{\"@type\":\"Person\",\"@id\":\"https:\\\/\\\/ethrat.ch\\\/de\\\/#\\\/schema\\\/person\\\/d9fefa0b5f78d403e1eadfd72e6d54b5\",\"name\":\"Pierre-Pascal Baumann\",\"image\":{\"@type\":\"ImageObject\",\"inLanguage\":\"fr-FR\",\"@id\":\"https:\\\/\\\/secure.gravatar.com\\\/avatar\\\/57f0ceca7019f472e31528a35525a6a509d37fccce88e802954ae2b81a61d08b?s=96&d=mm&r=g\",\"url\":\"https:\\\/\\\/secure.gravatar.com\\\/avatar\\\/57f0ceca7019f472e31528a35525a6a509d37fccce88e802954ae2b81a61d08b?s=96&d=mm&r=g\",\"contentUrl\":\"https:\\\/\\\/secure.gravatar.com\\\/avatar\\\/57f0ceca7019f472e31528a35525a6a509d37fccce88e802954ae2b81a61d08b?s=96&d=mm&r=g\",\"caption\":\"Pierre-Pascal Baumann\"},\"url\":\"https:\\\/\\\/ethrat.ch\\\/fr\\\/author\\\/pierre-baumannethrat-ch\\\/\"}]}<\/script>\n<!-- \/ Yoast SEO plugin. -->","yoast_head_json":{"title":"Le Conseil des EPF lance la consultation interne au Domaine des EPF sur le projet de d\u00e9veloppement organisationnel \u00abFIT for the Future\u00bb - Conseil des EPF","robots":{"index":"index","follow":"follow","max-snippet":"max-snippet:-1","max-image-preview":"max-image-preview:large","max-video-preview":"max-video-preview:-1"},"canonical":"https:\/\/ethrat.ch\/fr\/le-conseil-des-epf-lance-la-consultation-interne-au-domaine-des-epf-sur-le-projet-de-developpement-organisationnel-fit-for-the-future\/","og_locale":"fr_FR","og_type":"article","og_title":"Le Conseil des EPF lance la consultation interne au Domaine des EPF sur le projet de d\u00e9veloppement organisationnel \u00abFIT for the Future\u00bb - Conseil des EPF","og_description":"A l\u2019occasion de sa s\u00e9ance des 4 et 5 mars 2026, le Conseil des EPF a d\u00e9cid\u00e9 de soumettre deux variantes du projet de d\u00e9veloppement organisationnel \u00abFIT for the Future\u00bb \u00e0 la consultation interne au Domaine des EPF.","og_url":"https:\/\/ethrat.ch\/fr\/le-conseil-des-epf-lance-la-consultation-interne-au-domaine-des-epf-sur-le-projet-de-developpement-organisationnel-fit-for-the-future\/","og_site_name":"Conseil des EPF","article_published_time":"2026-03-05T14:20:34+00:00","author":"Pierre-Pascal Baumann","twitter_card":"summary_large_image","twitter_creator":"@eth_rat","twitter_site":"@eth_rat","twitter_misc":{"\u00c9crit par":"Pierre-Pascal Baumann","Dur\u00e9e de lecture estim\u00e9e":"4 minutes"},"schema":{"@context":"https:\/\/schema.org","@graph":[{"@type":"Article","@id":"https:\/\/ethrat.ch\/fr\/le-conseil-des-epf-lance-la-consultation-interne-au-domaine-des-epf-sur-le-projet-de-developpement-organisationnel-fit-for-the-future\/#article","isPartOf":{"@id":"https:\/\/ethrat.ch\/fr\/le-conseil-des-epf-lance-la-consultation-interne-au-domaine-des-epf-sur-le-projet-de-developpement-organisationnel-fit-for-the-future\/"},"author":{"name":"Pierre-Pascal Baumann","@id":"https:\/\/ethrat.ch\/de\/#\/schema\/person\/d9fefa0b5f78d403e1eadfd72e6d54b5"},"headline":"Le Conseil des EPF lance la consultation interne au Domaine des EPF sur le projet de d\u00e9veloppement organisationnel \u00abFIT for the Future\u00bb","datePublished":"2026-03-05T14:20:34+00:00","mainEntityOfPage":{"@id":"https:\/\/ethrat.ch\/fr\/le-conseil-des-epf-lance-la-consultation-interne-au-domaine-des-epf-sur-le-projet-de-developpement-organisationnel-fit-for-the-future\/"},"wordCount":754,"publisher":{"@id":"https:\/\/ethrat.ch\/de\/#organization"},"articleSection":["Communiqu\u00e9 de presse"],"inLanguage":"fr-FR"},{"@type":"WebPage","@id":"https:\/\/ethrat.ch\/fr\/le-conseil-des-epf-lance-la-consultation-interne-au-domaine-des-epf-sur-le-projet-de-developpement-organisationnel-fit-for-the-future\/","url":"https:\/\/ethrat.ch\/fr\/le-conseil-des-epf-lance-la-consultation-interne-au-domaine-des-epf-sur-le-projet-de-developpement-organisationnel-fit-for-the-future\/","name":"Le Conseil des EPF lance la consultation interne au Domaine des EPF sur le projet de d\u00e9veloppement organisationnel \u00abFIT for the Future\u00bb - Conseil des EPF","isPartOf":{"@id":"https:\/\/ethrat.ch\/de\/#website"},"datePublished":"2026-03-05T14:20:34+00:00","breadcrumb":{"@id":"https:\/\/ethrat.ch\/fr\/le-conseil-des-epf-lance-la-consultation-interne-au-domaine-des-epf-sur-le-projet-de-developpement-organisationnel-fit-for-the-future\/#breadcrumb"},"inLanguage":"fr-FR","potentialAction":[{"@type":"ReadAction","target":["https:\/\/ethrat.ch\/fr\/le-conseil-des-epf-lance-la-consultation-interne-au-domaine-des-epf-sur-le-projet-de-developpement-organisationnel-fit-for-the-future\/"]}]},{"@type":"BreadcrumbList","@id":"https:\/\/ethrat.ch\/fr\/le-conseil-des-epf-lance-la-consultation-interne-au-domaine-des-epf-sur-le-projet-de-developpement-organisationnel-fit-for-the-future\/#breadcrumb","itemListElement":[{"@type":"ListItem","position":1,"name":"Home","item":"https:\/\/ethrat.ch\/fr\/"},{"@type":"ListItem","position":2,"name":"Le Conseil des EPF lance la consultation interne au Domaine des EPF sur le projet de d\u00e9veloppement organisationnel \u00abFIT for the Future\u00bb"}]},{"@type":"WebSite","@id":"https:\/\/ethrat.ch\/de\/#website","url":"https:\/\/ethrat.ch\/de\/","name":"ETH-Rat","description":"","publisher":{"@id":"https:\/\/ethrat.ch\/de\/#organization"},"potentialAction":[{"@type":"SearchAction","target":{"@type":"EntryPoint","urlTemplate":"https:\/\/ethrat.ch\/de\/?s={search_term_string}"},"query-input":{"@type":"PropertyValueSpecification","valueRequired":true,"valueName":"search_term_string"}}],"inLanguage":"fr-FR"},{"@type":"Organization","@id":"https:\/\/ethrat.ch\/de\/#organization","name":"ETH-Rat","url":"https:\/\/ethrat.ch\/de\/","logo":{"@type":"ImageObject","inLanguage":"fr-FR","@id":"https:\/\/ethrat.ch\/de\/#\/schema\/logo\/image\/","url":"https:\/\/ethrat.ch\/wp-content\/uploads\/2024\/04\/logo-white.svg","contentUrl":"https:\/\/ethrat.ch\/wp-content\/uploads\/2024\/04\/logo-white.svg","width":283,"height":81,"caption":"ETH-Rat"},"image":{"@id":"https:\/\/ethrat.ch\/de\/#\/schema\/logo\/image\/"},"sameAs":["https:\/\/x.com\/eth_rat","https:\/\/issuu.com\/ethrat","https:\/\/www.linkedin.com\/company\/eth-rat\/"]},{"@type":"Person","@id":"https:\/\/ethrat.ch\/de\/#\/schema\/person\/d9fefa0b5f78d403e1eadfd72e6d54b5","name":"Pierre-Pascal Baumann","image":{"@type":"ImageObject","inLanguage":"fr-FR","@id":"https:\/\/secure.gravatar.com\/avatar\/57f0ceca7019f472e31528a35525a6a509d37fccce88e802954ae2b81a61d08b?s=96&d=mm&r=g","url":"https:\/\/secure.gravatar.com\/avatar\/57f0ceca7019f472e31528a35525a6a509d37fccce88e802954ae2b81a61d08b?s=96&d=mm&r=g","contentUrl":"https:\/\/secure.gravatar.com\/avatar\/57f0ceca7019f472e31528a35525a6a509d37fccce88e802954ae2b81a61d08b?s=96&d=mm&r=g","caption":"Pierre-Pascal Baumann"},"url":"https:\/\/ethrat.ch\/fr\/author\/pierre-baumannethrat-ch\/"}]}},"_links":{"self":[{"href":"https:\/\/ethrat.ch\/fr\/wp-json\/wp\/v2\/posts\/57914","targetHints":{"allow":["GET"]}}],"collection":[{"href":"https:\/\/ethrat.ch\/fr\/wp-json\/wp\/v2\/posts"}],"about":[{"href":"https:\/\/ethrat.ch\/fr\/wp-json\/wp\/v2\/types\/post"}],"author":[{"embeddable":true,"href":"https:\/\/ethrat.ch\/fr\/wp-json\/wp\/v2\/users\/11"}],"replies":[{"embeddable":true,"href":"https:\/\/ethrat.ch\/fr\/wp-json\/wp\/v2\/comments?post=57914"}],"version-history":[{"count":3,"href":"https:\/\/ethrat.ch\/fr\/wp-json\/wp\/v2\/posts\/57914\/revisions"}],"predecessor-version":[{"id":57955,"href":"https:\/\/ethrat.ch\/fr\/wp-json\/wp\/v2\/posts\/57914\/revisions\/57955"}],"wp:attachment":[{"href":"https:\/\/ethrat.ch\/fr\/wp-json\/wp\/v2\/media?parent=57914"}],"wp:term":[{"taxonomy":"category","embeddable":true,"href":"https:\/\/ethrat.ch\/fr\/wp-json\/wp\/v2\/categories?post=57914"},{"taxonomy":"post_tag","embeddable":true,"href":"https:\/\/ethrat.ch\/fr\/wp-json\/wp\/v2\/tags?post=57914"},{"taxonomy":"search-tag","embeddable":true,"href":"https:\/\/ethrat.ch\/fr\/wp-json\/wp\/v2\/search-tag?post=57914"}],"curies":[{"name":"wp","href":"https:\/\/api.w.org\/{rel}","templated":true}]}}