{"id":57875,"date":"2026-03-05T14:49:40","date_gmt":"2026-03-05T13:49:40","guid":{"rendered":"https:\/\/ethrat.ch\/?p=57875"},"modified":"2026-03-05T14:49:40","modified_gmt":"2026-03-05T13:49:40","slug":"nominations-mars-26","status":"publish","type":"post","link":"https:\/\/ethrat.ch\/fr\/nominations-mars-26\/","title":{"rendered":"19 professeures et professeurs nomm\u00e9s \u00e0 l\u2019ETH Zurich et \u00e0 l\u2019EPFL"},"content":{"rendered":"<h2>Nouvelles nominations \u00e0 l\u2019ETH\u00a0Zurich<\/h2>\n<p><strong>Thea Klaeboe Aarrestad<\/strong> (*1987), actuellement titulaire d\u2019une bourse Ambizione du FNS et cheffe de projet \u00e0 l\u2019ETH\u00a0Zurich, est nomm\u00e9e professeure assistante de physique des particules au D\u00e9partement de physique. Les travaux de Thea Klaeboe Aarrestad portent \u00e0 la fois sur la physique exp\u00e9rimentale des particules, l\u2019apprentissage automatique et le mat\u00e9riel sp\u00e9cialis\u00e9. Ils concernent plus particuli\u00e8rement le d\u00e9veloppement et la mise en \u0153uvre de proc\u00e9d\u00e9s d\u2019apprentissage automatique pour le traitement des donn\u00e9es en temps r\u00e9el sur le grand collisionneur de hadrons (<em>Large Hadron Collider<\/em>, LHC), en particulier au moyen des FPGA (<em>field-programmable gate arrays<\/em>) utilis\u00e9s dans le d\u00e9clencheur du d\u00e9tecteur CMS au CERN. Thea Klaeboe Aarrestad a obtenu une bourse <em>ERC Starting Grant<\/em>. Gr\u00e2ce \u00e0 sa nomination, l\u2019ETH\u00a0Zurich renforce ses activit\u00e9s de recherche et d\u2019enseignement consacr\u00e9es \u00e0 l\u2019apprentissage automatique dans le contexte du traitement des donn\u00e9es en temps r\u00e9el en physique des particules et encourage les collaborations avec le CERN, des universit\u00e9s internationales ainsi que des partenaires industriels.<\/p>\n<p><strong>La professeure Aline B\u00fctikofer<\/strong> (*1981), actuellement professeure ordinaire \u00e0 la <em>Norwegian School of Economics<\/em>, Norv\u00e8ge, est nomm\u00e9e professeure ordinaire d\u2019\u00e9conomie empirique de la sant\u00e9 au D\u00e9partement de management, technologie et \u00e9conomie (double professorat avec l\u2019Universit\u00e9 de la Suisse italienne). Aline B\u00fctikofer est une r\u00e9f\u00e9rence internationale dans le domaine de l\u2019\u00e9conomie empirique de la sant\u00e9. Ses recherches interdisciplinaires portent sur les effets \u00e0 long terme g\u00e9n\u00e9r\u00e9s par les facteurs environnementaux et les mesures politiques sur la sant\u00e9, le d\u00e9veloppement cognitif, la mobilit\u00e9 sociale et les in\u00e9galit\u00e9s. Avec la nomination d\u2019Aline B\u00fctikofer, l\u2019ETH Zurich et l\u2019Universit\u00e9 de la Suisse italienne ont le privil\u00e8ge de pouvoir compter dans leurs rangs une chercheuse exceptionnelle, qui contribuera de mani\u00e8re significative \u00e0 leur visibilit\u00e9 mondiale et \u00e0 leur niveau d\u2019excellence en mati\u00e8re d\u2019\u00e9conomie empirique de la sant\u00e9.<\/p>\n<p><strong>Claire Donnelly<\/strong> (*1991), actuellement responsable de groupe \u00e0 l\u2019Institut Max Planck de physique chimique des solides de Dresde, Allemagne, est nomm\u00e9e professeure ordinaire de nanomat\u00e9riaux multidimensionnels au D\u00e9partement de science et ing\u00e9nierie des mat\u00e9riaux. Cette nomination est associ\u00e9e \u00e0 la direction du groupe sp\u00e9cialis\u00e9 dans les nanotechnologies \u00e0 l\u2019Institut Paul Scherrer (PSI). Claire Donnelly s\u2019int\u00e9resse plus particuli\u00e8rement aux ph\u00e9nom\u00e8nes magn\u00e9tiques, aux structures topologiques, aux mat\u00e9riaux quantiques structur\u00e9s, au rayonnement synchrotron et \u00e0 la nanofabrication de structures 3D. Ses contributions exceptionnelles au d\u00e9veloppement de la technologie des rayons X, \u00e0 la caract\u00e9risation des textures de spin et \u00e0 la nanofabrication avanc\u00e9e lui ont valu de nombreuses distinctions, dont une bourse <em>ERC Starting Grant<\/em>. La nomination de Claire Donnelly permet au D\u00e9partement de renforcer ses activit\u00e9s en radiographie et tomographie et de consolider la coop\u00e9ration strat\u00e9gique avec le PSI.<\/p>\n<p><strong>La professeure <\/strong><strong>Annette Idler<\/strong> (*1985), actuellement professeure associ\u00e9e \u00e0 l\u2019Universit\u00e9 d\u2019Oxford, Grande-Bretagne, est nomm\u00e9e professeure ordinaire de s\u00e9curit\u00e9 mondiale au D\u00e9partement des sciences humaines, sociales et politiques. Les principaux axes de recherche d\u2019Annette Idler portent sur la s\u00e9curit\u00e9 mondiale, en particulier dans le contexte des conflits arm\u00e9s, de l\u2019\u00e9conomie ill\u00e9gale mondiale, de la transition de la guerre \u00e0 la paix, ainsi que de la corr\u00e9lation entre les dynamiques de conflits locaux, d\u2019une part, et le d\u00e9placement des rapports de force et d\u2019ordre, d\u2019autre part. Annette Idler est une experte tr\u00e8s sollicit\u00e9e pour les questions de politique de s\u00e9curit\u00e9 mondiale et conseille \u00e0 ce titre des gouvernements ainsi que des organisations internationales. Avec sa nomination, le D\u00e9partement pourra sans aucun doute tirer parti de ses comp\u00e9tences en mati\u00e8re de recherche sur les conflits et la s\u00e9curit\u00e9. Annette Idler reprendra la direction du <em>Center for Security Studies<\/em> (CSS) de l\u2019ETH\u00a0Zurich d\u00e8s 2029, ce qui ne manquera pas de resserrer encore les liens entre la science et la pratique.<\/p>\n<p><strong>Philipp Rehner<\/strong> (*1993), actuellement ma\u00eetre-assistant et charg\u00e9 de cours \u00e0 l\u2019ETH\u00a0Zurich, est nomm\u00e9 professeur assistant de thermodynamique mol\u00e9culaire et technique au D\u00e9partement de g\u00e9nie m\u00e9canique et des proc\u00e9d\u00e9s. Les recherches de Philipp Rehner, pour lesquelles il a re\u00e7u plusieurs distinctions et notamment une bourse <em>SNSF Starting Grant<\/em>, portent principalement sur l\u2019efficience des processus ainsi que sur la description mol\u00e9culaire des effets des interfaces de phase, qui sont une \u00e9tape-cl\u00e9 dans le transport de mati\u00e8re et de chaleur. Les m\u00e9thodes math\u00e9matiques innovantes qu\u2019il utilise lui permettent d\u2019appliquer des mod\u00e8les thermodynamiques rigoureux afin d\u2019optimiser les processus et les mat\u00e9riaux, contribuant ainsi de mani\u00e8re significative \u00e0 la durabilit\u00e9 et \u00e0 l\u2019efficience des ressources dans l\u2019industrie chimique. Avec la nomination de Philipp Rehner, le D\u00e9partement renforce ses comp\u00e9tences en mod\u00e9lisation mol\u00e9culaire et encourage la collaboration interdisciplinaire au sein de l\u2019ETH Zurich.<\/p>\n<p><strong>Serina Robinson<\/strong> (*1993), actuellement responsable de groupe de recherche \u00e0 l\u2019Eawag, est nomm\u00e9e professeure assistante de biochimie environnementale au D\u00e9partement des sciences des syst\u00e8mes de l\u2019environnement. Maintes fois r\u00e9compens\u00e9e pour ses recherches, Serina Robinson se sert de la mod\u00e9lisation assist\u00e9e par ordinateur pour combiner des exp\u00e9rimentations et pr\u00e9dire ainsi l\u2019activit\u00e9 des enzymes lorsqu\u2019ils d\u00e9composent des substances chimiques industrielles, pharmaceutiques et agrochimiques. Elle \u00e9tudie les interactions entre les syst\u00e8mes biologiques et les substances per- et polyfluoroalkyl\u00e9es (PFAS), qualifi\u00e9es de \u00abpolluants \u00e9ternels\u00bb en raison de la stabilit\u00e9 de leurs liaisons carbone-fluor. Avec la nomination de Serina Robinson, qui a obtenu une bourse <em>ERC Starting Grant<\/em>, le D\u00e9partement renforce non seulement ses liens avec les D\u00e9partements de biologie ainsi que des sciences et technologies de la sant\u00e9, mais aussi sa collaboration avec l\u2019Eawag et des partenaires internationaux.<\/p>\n<p><strong>Konrad Viebahn<\/strong> (*1991), actuellement ma\u00eetre-assistant \u00e0 l\u2019ETH\u00a0Zurich, est nomm\u00e9 professeur assistant de physique quantique au D\u00e9partement de physique. Konrad Viebahn s\u2019int\u00e9resse tout particuli\u00e8rement au traitement quantique de l\u2019information avec des atomes neutres. Les ordinateurs quantiques usuels ayant encore une puissance limit\u00e9e, il se consacre au d\u00e9veloppement de syst\u00e8mes plus performants et plus pr\u00e9cis. L\u2019\u00e9volutivit\u00e9 constitue un avantage d\u00e9cisif de son approche par rapport aux plateformes courantes. Konrad Viebahn a vu ses travaux r\u00e9compens\u00e9s par une bourse <em>ERC Starting Grant<\/em>. Avec cette nomination, le D\u00e9partement \u00e9taye le champ de recherche des sciences quantiques et de la physique atomique moderne et intensifie les synergies avec le D\u00e9partement d\u2019informatique et le D\u00e9partement de science et ing\u00e9nierie des mat\u00e9riaux dans ce secteur technologique d\u2019avenir.<\/p>\n<h2>Promotions \u00e0 l\u2019ETH\u00a0Zurich<\/h2>\n<p><strong>La professeure <\/strong><strong>Petra S. Dittrich<\/strong> (*1974), actuellement professeure associ\u00e9e \u00e0 l\u2019ETH\u00a0Zurich, est nomm\u00e9e professeure ordinaire de bioanalytique au D\u00e9partement des syst\u00e8mes biologiques. Petra Dittrich est une chercheuse de premier plan dont les travaux, qui se situent \u00e0 l\u2019interface entre la technologie des microsyst\u00e8mes et les sciences biologiques, ont fait avancer de mani\u00e8re significative ces deux champs d\u2019investigation. Elle s\u2019est sp\u00e9cialis\u00e9e dans le d\u00e9veloppement et la fabrication d\u2019appareils miniaturis\u00e9s, le d\u00e9veloppement de syst\u00e8mes d&rsquo;essais ainsi que la surveillance et l\u2019imagerie des processus biologiques. Ses travaux visent \u00e0 transformer les r\u00e9sultats de la recherche fondamentale en applications pratiques. Ils lui ont valu plusieurs distinctions, dont une bourse <em>ERC Starting Grant<\/em> et une bourse <em>ERC Consolidator Grant<\/em>. Depuis 2021, Petra Dittrich est directrice des \u00e9tudes pour deux cursus de master.<\/p>\n<p><strong>Le professeur David Kaufmann<\/strong> (*1985), actuellement professeur assistant <em>tenure track<\/em> \u00e0 l\u2019ETH\u00a0Zurich, est nomm\u00e9 professeur associ\u00e9 de d\u00e9veloppement territorial et recherche urbaine au D\u00e9partement de g\u00e9nie civil, environnemental et g\u00e9omatique. Les travaux maintes fois r\u00e9compens\u00e9s de David Kaufmann couvrent des domaines qui rev\u00eatent une importance majeure pour la soci\u00e9t\u00e9 en Suisse et dans le monde, notamment la recherche urbaine, l\u2019am\u00e9nagement du territoire, les sciences politiques et la recherche sur les migrations. David Kaufmann s\u2019int\u00e9resse en particulier \u00e0 la densification et \u00e0 la construction de logements, au d\u00e9veloppement urbain durable et enfin \u00e0 l\u2019aide humanitaire ainsi qu&rsquo;\u00e0 la planification du d\u00e9veloppement. Ses contributions ont permis des avanc\u00e9es scientifiques majeures \u00e0 maints \u00e9gards. Gr\u00e2ce \u00e0 la nomination de David Kaufmann, le D\u00e9partement et l\u2019ETH\u00a0Zurich s\u2019assurent les services d\u2019un enseignant de talent et d\u2019un expert reconnu dont les travaux continueront de faire progresser ind\u00e9niablement un champ d\u2019investigation qui requiert une action urgente aux quatre coins de la plan\u00e8te.<\/p>\n<p><strong>Le professeur <\/strong><strong>Rasmus Kyng<\/strong> (*1988), actuellement professeur assistant <em>tenure track<\/em> \u00e0 l\u2019ETH\u00a0Zurich, est nomm\u00e9 professeur associ\u00e9 d\u2019informatique th\u00e9orique au D\u00e9partement d\u2019informatique. Rasmus Kyng est un brillant sp\u00e9cialiste du d\u00e9veloppement d\u2019algorithmes rapides pour les probl\u00e8mes d\u2019optimisation, qui jouit d\u2019une reconnaissance mondiale. Ses travaux sur l\u2019optimisation combinatoire, l\u2019alg\u00e8bre lin\u00e9aire assist\u00e9e par ordinateur et les algorithmes graphiques dynamiques, qui lui ont notamment valu une bourse <em>SNSF Starting Grant<\/em>, ont abouti \u00e0 des r\u00e9sultats novateurs. Rasmus Kyng est un enseignant tr\u00e8s engag\u00e9 et tenu en haute estime au sein de son D\u00e9partement, pour lequel il \u0153uvre \u00e9galement en tant que membre de la commission strat\u00e9gique, de la commission d\u2019enseignement et du comit\u00e9 de direction de l\u2019Institut d\u2019informatique th\u00e9orique. Sa nomination permet au D\u00e9partement et \u00e0 l\u2019ETH\u00a0Zurich de s\u2019adjoindre les services d\u2019un scientifique exceptionnel, qui continuera de jouer un r\u00f4le d\u00e9terminant dans ce vaste champ de recherche qu&rsquo;est l\u2019informatique th\u00e9orique.<\/p>\n<p><strong>Le professeur Sai Reddy<\/strong> (*1980), actuellement professeur associ\u00e9 \u00e0 l\u2019ETH\u00a0Zurich, est nomm\u00e9 professeur ordinaire d\u2019immunologie syst\u00e9mique et synth\u00e9tique au D\u00e9partement des syst\u00e8mes biologiques. Sai Reddy est un scientifique visionnaire de premier plan consid\u00e9r\u00e9 comme une r\u00e9f\u00e9rence dans le domaine de l\u2019immunotechnologie. Son travail est ax\u00e9 sur l\u2019invention et l\u2019application de technologies innovantes qui permettent de manipuler le syst\u00e8me immunitaire. Sai Reddy d\u00e9tient treize brevets, dont beaucoup ont abouti \u00e0 des licences, et est tr\u00e8s performant dans l\u2019acquisition de fonds de tiers. Ses travaux lui ont permis de d\u00e9crocher entre autres une bourse <em>ERC Starting Grant<\/em> ainsi que plusieurs subventions de projet aupr\u00e8s du Fonds national suisse. Sai Reddy, qui dispose d&rsquo;un r\u00e9seau solide d\u2019alumni, repr\u00e9sente l\u2019ETH\u00a0Zurich et son D\u00e9partement avec brio et conviction. Sa nomination permet d&rsquo;accro\u00eetre la visibilit\u00e9 de l\u2019ETH\u00a0Zurich et d&rsquo;ouvrir la voie \u00e0 de nouveaux partenariats avec l\u2019industrie.<\/p>\n<p><strong>Le professeur Shinichi Sunagawa<\/strong> (*1978), actuellement professeur associ\u00e9 \u00e0 l\u2019ETH\u00a0Zurich, est nomm\u00e9 professeur ordinaire de recherche sur le microbiome au D\u00e9partement de biologie. Shinichi Sunagawa est une r\u00e9f\u00e9rence mondiale de l\u2019\u00e9cologie microbienne marine et plus particuli\u00e8rement de l\u2019analyse m\u00e9tag\u00e9nomique des microbiomes marins. Ses recherches visent \u00e0 d\u00e9couvrir les m\u00e9canismes sous-jacents aux interactions microbiennes et \u00e0 soutenir ainsi des applications qui trouvent leur utilit\u00e9 dans la surveillance des \u00e9cosyst\u00e8mes, la protection de la nature et le travail de sensibilisation du public. Shinichi Sunagawa s&rsquo;engage de multiples fa\u00e7ons au sein de son D\u00e9partement et de l\u2019ETH\u00a0Zurich toute enti\u00e8re, notamment \u00e0 la direction de l&rsquo;Institut de microbiologie. . Sa nomination contribuera \u00e0 consolider les synergies cr\u00e9\u00e9es au cours des derni\u00e8res ann\u00e9es avec l\u2019Universit\u00e9 de Zurich et l\u2019H\u00f4pital universitaire de Zurich ainsi qu\u2019\u00e0 renforcer le P\u00f4le de recherche national (PRN) Microbiomes et le r\u00e9seau mondial d&rsquo;expertise scientifique en la mati\u00e8re.<\/p>\n<h2>Nouvelles nominations \u00e0 l\u2019EPFL<\/h2>\n<p><strong>Tomas Aidukas<\/strong> (*1992), actuellement chercheur postdoctoral \u00e0 l\u2019Institut Paul Scherrer (PSI), est nomm\u00e9 professeur assistant de physique \u00e0 la Facult\u00e9 des sciences de base. Tomas Aidukas est un sp\u00e9cialiste en imagerie computationnelle, en particulier dans le d\u00e9veloppement et l\u2019application de techniques ptychographiques. Ses recherches visent \u00e0 repousser les limites physiques et computationnelles de la microscopie, avec des applications dans le domaine de l\u2019imagerie optique et de l\u2019imagerie \u00e0 rayons X \u00e0 haute r\u00e9solution. L\u2019un des r\u00e9sultats majeurs de ses travaux a \u00e9t\u00e9 l\u2019obtention de la meilleure r\u00e9solution mondiale en microscopie 3D \u00e0 rayons X gr\u00e2ce \u00e0 la tomographie ptychographique. Tomas Aidukas rejoint l\u2019EPFL avec une bourse <em>SNSF Starting Grant<\/em> pour le projet NEXUS-3D (<em>Nanoscale Examination of Ultra-Small Structures in 3D Using X-rays<\/em>), d\u00e9di\u00e9 au d\u00e9veloppement de m\u00e9thodes avanc\u00e9es de microscopie X et \u00e0 leur application \u00e0 la m\u00e9trologie des semi-conducteurs. Le projet sera d\u00e9velopp\u00e9 en partenariat avec le PSI.<\/p>\n<p><strong>Le professeur Kenneth Holstein<\/strong> (*1991), actuellement professeur assistant \u00e0 l\u2019Universit\u00e9 de Carnegie Mellon, Etats-Unis, est nomm\u00e9 professeur assistant <em>tenure track<\/em> d\u2019informatique et de syst\u00e8mes de communication \u00e0 la Facult\u00e9 informatique et communications. Kenneth Holstein axe ses recherches sur la compl\u00e9mentarit\u00e9 humain-IA et explore la mani\u00e8re dont l\u2019intelligence artificielle peut compl\u00e9ter utilement les capacit\u00e9s humaines au lieu de les remplacer. Sa recherche est fortement appliqu\u00e9e aux sciences de l\u2019\u00e9ducation. Il aborde ainsi des probl\u00e9matiques d\u2019une grande pertinence soci\u00e9tale et \u00e9conomique. Son travail s\u2019attache \u00e0 combler les \u00e9carts entre l\u2019intelligence humaine et l\u2019intelligence artificielle, \u00e0 cr\u00e9er des formes fondamentalement nouvelles de prise de d\u00e9cision assist\u00e9e par l\u2019IA, \u00e0 d\u00e9velopper des syst\u00e8mes qui respectent le travail humain et qui valorisent l\u2019expertise humaine ainsi que les savoirs li\u00e9s au contexte local. L\u2019approche interdisciplinaire de Kenneth Holstein constitue un atout durable pour l\u2019EPFL en mati\u00e8re d\u2019IA, de sciences cognitives, de sciences \u00e9ducatives, de statistiques et d\u2019apprentissage automatique.<\/p>\n<h2>Promotions \u00e0 l\u2019EPFL<\/h2>\n<p><strong>Le professeur Volkan Cevher<\/strong> (*1978), actuellement professeur associ\u00e9 \u00e0 l\u2019EPFL, est nomm\u00e9 professeur ordinaire de g\u00e9nie \u00e9lectrique et \u00e9lectronique \u00e0 la Facult\u00e9 des sciences et techniques de l\u2019ing\u00e9nieur. Les travaux de recherche de Volkan Cevher ont apport\u00e9 des contributions majeures aux bases math\u00e9matiques et algorithmiques de l\u2019apprentissage automatique et de l\u2019intelligence artificielle, en particulier en optimisation ainsi qu\u2019en apprentissage et inf\u00e9rence \u00e0 grande \u00e9chelle, avec un accent marqu\u00e9 sur l\u2019entra\u00eenement et la compr\u00e9hension des mod\u00e8les fondamentaux modernes. Il a mis en place un programme de recherche de premier plan au niveau international. Activement engag\u00e9 dans le transfert de technologie, Volkan Cevher a \u00e9tabli des collaborations industrielles de long terme et est laur\u00e9at de prestigieuses distinctions, notamment une bourse <em>ERC Starting Grant<\/em> et une bourse <em>ERC Consolidator Grant<\/em>.<\/p>\n<p><strong>Le professeur Bruno Correia<\/strong> (*1980), actuellement professeur associ\u00e9 \u00e0 l\u2019EPFL, est nomm\u00e9 professeur ordinaire de bioing\u00e9nierie \u00e0 la Facult\u00e9 des sciences et techniques de l\u2019ing\u00e9nieur. Les recherches de premier plan de Bruno Correia se situent \u00e0 l\u2019interface de la biologie structurale, de l\u2019ing\u00e9nierie des prot\u00e9ines et de l\u2019intelligence artificielle. Bruno Correia a apport\u00e9 des contributions majeures \u00e0 la conception de novo d\u2019interactions mol\u00e9culaires et de prot\u00e9ines fonctionnelles, avec des applications en biologie synth\u00e9tique, immuno-ing\u00e9nierie et d\u00e9couverte de m\u00e9dicaments. Ses travaux, largement cit\u00e9s, ont donn\u00e9 lieu \u00e0 des brevets et \u00e0 des collaborations industrielles significatives. Laur\u00e9at de distinctions prestigieuses, dont une bourse <em>ERC Consolidator Grant<\/em> et le prix Latsis universitaire, Bruno Correia joue \u00e9galement un r\u00f4le cl\u00e9 dans la formation, notamment en tant que directeur du programme doctoral en bioing\u00e9nierie.<\/p>\n<p><strong>Le professeur Jacques Fellay<\/strong> (*1974), actuellement professeur associ\u00e9 \u00e0 l\u2019EPFL, \u00e0 l\u2019Universit\u00e9 de Lausanne et au Centre hospitalier universitaire vaudois (CHUV), est nomm\u00e9 professeur ordinaire de sciences de la vie \u00e0 la Facult\u00e9 des sciences de la vie. Jacques Fellay est un scientifique de renomm\u00e9e internationale dont les travaux se situent \u00e0 la crois\u00e9e de la g\u00e9nomique, des maladies infectieuses, de la m\u00e9decine personnalis\u00e9e et de l\u2019apprentissage automatique. Il a mis au point l\u2019approche g\u00e9nome-\u00e0-g\u00e9nome, qui permet d\u2019analyser simultan\u00e9ment les variations g\u00e9n\u00e9tiques de l\u2019h\u00f4te et de l\u2019agent pathog\u00e8ne. Les outils bioinformatiques qu\u2019il a d\u00e9velopp\u00e9s ont simplifi\u00e9 l\u2019analyse des infections pour toute la communaut\u00e9 scientifique et ouvert de nouvelles pistes de recherche. Jacques Fellay entretient en outre une collaboration \u00e9troite avec les h\u00f4pitaux. Son expertise des maladies infectieuses, de la g\u00e9nomique et des approches computationnelles conjugu\u00e9e \u00e0 son exp\u00e9rience clinique font de lui un membre estim\u00e9 de la Facult\u00e9 et de l\u2019EPFL.<\/p>\n<p><strong>La professeure Elisa Oricchio<\/strong> (*1979), actuellement professeure associ\u00e9e \u00e0 l\u2019EPFL, est nomm\u00e9e professeure ordinaire de sciences de la vie \u00e0 la Facult\u00e9 des sciences de la vie. Elisa Oricchio est sp\u00e9cialis\u00e9e en \u00e9pig\u00e9n\u00e9tique du cancer et en biologie de la chromatine. Elle \u00e9tudie le lien entre l\u2019organisation tridimensionnelle du g\u00e9nome et la pathogen\u00e8se ainsi que le traitement du cancer. La nouvelle approche qu\u2019elle adopte dans la recherche vise \u00e0 concevoir de nouveaux compos\u00e9s biologiques \u00e0 usage th\u00e9rapeutique sur la base de ses d\u00e9couvertes.\u00a0 Elsa Oricchio entretient de pr\u00e9cieux contacts avec les services d\u2019oncologie de divers h\u00f4pitaux en Suisse et a dirig\u00e9 l\u2019initiative <em>TumorShare<\/em>, au travers de laquelle les r\u00e9sultats exp\u00e9rimentaux des biopsies sont transmis aux colloques multidisciplinaires (\u00ab<em>tumor boards<\/em>\u00bb) des h\u00f4pitaux pour \u00e9tayer la prise de d\u00e9cision th\u00e9rapeutique. Gr\u00e2ce \u00e0 sa nomination, la Facult\u00e9 poursuit sa collaboration avec une scientifique et enseignante hors pair qui fait preuve d\u2019un grand engagement.<\/p>\n<p><strong>Le professeur Mathias Payer<\/strong> (*1981), actuellement professeur associ\u00e9 \u00e0 l\u2019EPFL, est nomm\u00e9 professeur ordinaire d\u2019informatique et de syst\u00e8mes de communication \u00e0 la Facult\u00e9 informatique et communications. Mathias Payer est l\u2019un des chercheurs les plus influents de sa g\u00e9n\u00e9ration en ce qui concerne la s\u00e9curit\u00e9 des syst\u00e8mes informatiques. Ses travaux visent \u00e0 identifier, analyser et pr\u00e9venir les vuln\u00e9rabilit\u00e9s logicielles \u00e0 grande \u00e9chelle. Ils ont profond\u00e9ment marqu\u00e9 la recherche en cybers\u00e9curit\u00e9 et permis de d\u00e9finir de nouveaux standards m\u00e9thodologiques dans ce champ d\u2019investigation strat\u00e9gique. Mathias Payer s\u2019est vu remettre plusieurs distinctions, dont une bourse <em>ERC Starting Grant<\/em> et une bourse <em>ERC Advanced Grant<\/em>. La promotion d\u2019un expert de son calibre permet \u00e0 la Facult\u00e9 ainsi qu\u2019\u00e0 l\u2019EPFL de rester \u00e0 la pointe d\u2019une discipline strat\u00e9gique et fondamentale pour la soci\u00e9t\u00e9.<\/p>\n<h2>D\u00e9part de l\u2019ETH\u00a0Zurich<\/h2>\n<p><strong>La professeure N\u00faria Casacuberta Arola <\/strong>(*1982), actuellement professeure assistante d\u2019oc\u00e9anographie physique au D\u00e9partement des sciences des syst\u00e8mes de l\u2019environnement, quittera l\u2019ETH\u00a0Zurich fin avril\u00a02026. N\u00faria Casacuberta Arola, qui a obtenu une bourse <em>ERC Consolidator Grant<\/em> et un subside PRIMA du Fonds national suisse, s\u2019attelle \u00e0 mieux comprendre la circulation oc\u00e9anique \u00e0 l&rsquo;aide de compos\u00e9s traces. Gr\u00e2ce \u00e0 son expertise en radioactivit\u00e9 environnementale, elle a contribu\u00e9 de mani\u00e8re d\u00e9terminante \u00e0 la compr\u00e9hension du ph\u00e9nom\u00e8ne de dispersion des substances radioactives dans l\u2019oc\u00e9an Pacifique apr\u00e8s l\u2019accident nucl\u00e9aire de Fukushima dans le cadre d\u2019un projet de recherche international. N\u00faria Casacuberta Arola quitte l\u2019ETH\u00a0Zurich pour poursuivre sa carri\u00e8re scientifique \u00e0 l\u2019Institut de Ci\u00e8ncies del Mar (ICM-CSIC) \u00e0 Barcelone.<\/p>\n<h2>D\u00e9parts de l\u2019EPFL<\/h2>\n<p><strong>Le professeur Thomas Mountford<\/strong> (*1961), actuellement professeur ordinaire de processus stochastiques \u00e0 la Facult\u00e9 des sciences de base, partira \u00e0 la retraite fin juillet\u00a02026. Thomas Mountford a rejoint l\u2019EPFL en tant que professeur ordinaire en 2001. Sp\u00e9cialiste reconnu de la th\u00e9orie des probabilit\u00e9s et des processus stochastiques, il a apport\u00e9 une contribution d\u00e9terminante \u00e0 la compr\u00e9hension des syst\u00e8mes al\u00e9atoires complexes et des mod\u00e8les probabilistes fondamentaux. Thomas Mountford a re\u00e7u de nombreuses bourses de recherche du Fonds national suisse ainsi que plusieurs distinctions prestigieuses. A l\u2019EPFL, il a contribu\u00e9 \u00e0 former plusieurs g\u00e9n\u00e9rations de math\u00e9maticiennes et math\u00e9maticiens sp\u00e9cialis\u00e9s en stochastique. A travers son engagement en faveur de la recherche et de l\u2019enseignement ainsi que pour la communaut\u00e9 scientifique, il a consid\u00e9rablement enrichi l\u2019EPFL.<\/p>\n<p><strong>Le professeur Olivier Schneider<\/strong> (*1961), actuellement professeur ordinaire de physique des particules \u00e9l\u00e9mentaires \u00e0 la Facult\u00e9 des sciences de base, partira \u00e0 la retraite fin ao\u00fbt 2026. Olivier Schneider a rejoint l\u2019EPFL\u00a0en 2003 en tant que professeur associ\u00e9 avant d&rsquo;\u00eatre nomm\u00e9 professeur ordinaire en 2010. Il a apport\u00e9 des contributions majeures \u00e0 la physique des particules et a \u00e9t\u00e9 un acteur-cl\u00e9 dans le cadre des deux collaborations internationales majeures que sont l\u2019exp\u00e9rience Belle au Japon et l\u2019exp\u00e9rience LHCb au CERN. Olivier Schneider est directeur adjoint de l\u2019Institut de physique de l\u2019EPFL depuis 2016.\u00a0 Auparavant, il a \u00e9t\u00e9 directeur du Programme doctoral en physique.\u00a0 Son ind\u00e9fectible engagement en faveur de l\u2019enseignement et son d\u00e9vouement au sein de l\u2019EPFL ont jou\u00e9 un r\u00f4le majeur dans le rayonnement et l\u2019essor de l\u2019Ecole.<\/p>\n<p><strong>Le professeur Didier Trono<\/strong> (*1956), actuellement professeur ordinaire de sciences de la vie \u00e0 la Facult\u00e9 des sciences de la vie, partira \u00e0 la retraite fin octobre 2026. Le virologue Didier Trono a rejoint l\u2019EPFL en 2004 en qualit\u00e9 de professeur ordinaire. Il est l\u2019un des experts les plus r\u00e9put\u00e9s des sciences de la vie et a consacr\u00e9 ses recherches aux interactions entre les virus et leurs h\u00f4tes. Il a entre autres d\u00e9velopp\u00e9 des vecteurs lentiviraux destin\u00e9s au traitement de diff\u00e9rentes maladies h\u00e9r\u00e9ditaires et \u00e0 l\u2019immunoth\u00e9rapie contre le cancer. Plus r\u00e9cemment, Didier Trono a apport\u00e9 des contributions remarquables dans le domaine de l&rsquo;\u00e9pig\u00e9n\u00e9tique. Il est titulaire de nombreux brevets et a \u00e9t\u00e9 r\u00e9compens\u00e9 \u00e0 de multiples reprises pour son travail, entre autres par deux <em>ERC Advanced Grants<\/em>. Didier Trono s\u2019est distingu\u00e9 \u00e0 l\u2019EPFL gr\u00e2ce \u00e0 son engagement sans faille sur tous les fronts, en particulier en tant que doyen de la Facult\u00e9 des sciences de la vie de 2004 \u00e0 2012.<\/p>\n<p><em>Le Conseil des EPF tient \u00e0 remercier la professeure et les professeurs sortants de leurs prestations dans les domaines de la recherche et de l\u2019enseignement, ainsi que de leur engagement au sein de leur institution.<\/em><\/p>\n","protected":false},"excerpt":{"rendered":"<p>Le Conseil des EPF, r\u00e9uni en s\u00e9ance les 4 et 5 mars 2026, a nomm\u00e9 sept professeures et douze professeurs et adress\u00e9 ses remerciements \u00e0 une professeure ainsi que trois professeurs sortants. <\/p>\n","protected":false},"author":12,"featured_media":0,"comment_status":"closed","ping_status":"closed","sticky":false,"template":"","format":"standard","meta":{"_acf_changed":false,"footnotes":"","_links_to":"","_links_to_target":""},"categories":[265],"tags":[],"search-tag":[],"class_list":["post-57875","post","type-post","status-publish","format-standard","hentry","category-communique-de-presse"],"acf":[],"yoast_head":"<!-- This site is optimized with the Yoast SEO plugin v27.3 - https:\/\/yoast.com\/product\/yoast-seo-wordpress\/ -->\n<title>19 professeures et professeurs nomm\u00e9s \u00e0 l\u2019ETH Zurich et \u00e0 l\u2019EPFL - Conseil des EPF<\/title>\n<meta name=\"robots\" content=\"index, follow, max-snippet:-1, max-image-preview:large, max-video-preview:-1\" \/>\n<link rel=\"canonical\" href=\"https:\/\/ethrat.ch\/fr\/nominations-mars-26\/\" \/>\n<meta property=\"og:locale\" content=\"fr_FR\" \/>\n<meta property=\"og:type\" content=\"article\" \/>\n<meta property=\"og:title\" content=\"19 professeures et professeurs nomm\u00e9s \u00e0 l\u2019ETH Zurich et \u00e0 l\u2019EPFL - Conseil des EPF\" \/>\n<meta property=\"og:description\" content=\"Le Conseil des EPF, r\u00e9uni en s\u00e9ance les 4 et 5 mars 2026, a nomm\u00e9 sept professeures et douze professeurs et adress\u00e9 ses remerciements \u00e0 une professeure ainsi que trois professeurs sortants.\" \/>\n<meta property=\"og:url\" content=\"https:\/\/ethrat.ch\/fr\/nominations-mars-26\/\" \/>\n<meta property=\"og:site_name\" content=\"Conseil des EPF\" \/>\n<meta property=\"article:published_time\" content=\"2026-03-05T13:49:40+00:00\" \/>\n<meta name=\"author\" content=\"Sandra Fl\u00fcckiger\" \/>\n<meta name=\"twitter:card\" content=\"summary_large_image\" \/>\n<meta name=\"twitter:creator\" content=\"@eth_rat\" \/>\n<meta name=\"twitter:site\" content=\"@eth_rat\" \/>\n<meta name=\"twitter:label1\" content=\"\u00c9crit par\" \/>\n\t<meta name=\"twitter:data1\" content=\"Sandra Fl\u00fcckiger\" \/>\n\t<meta name=\"twitter:label2\" content=\"Dur\u00e9e de lecture estim\u00e9e\" \/>\n\t<meta name=\"twitter:data2\" content=\"19 minutes\" \/>\n<script type=\"application\/ld+json\" class=\"yoast-schema-graph\">{\"@context\":\"https:\\\/\\\/schema.org\",\"@graph\":[{\"@type\":\"Article\",\"@id\":\"https:\\\/\\\/ethrat.ch\\\/fr\\\/nominations-mars-26\\\/#article\",\"isPartOf\":{\"@id\":\"https:\\\/\\\/ethrat.ch\\\/fr\\\/nominations-mars-26\\\/\"},\"author\":{\"name\":\"Sandra Fl\u00fcckiger\",\"@id\":\"https:\\\/\\\/ethrat.ch\\\/de\\\/#\\\/schema\\\/person\\\/cd4b3d02ff8338497461f0f4743d487b\"},\"headline\":\"19 professeures et professeurs nomm\u00e9s \u00e0 l\u2019ETH Zurich et \u00e0 l\u2019EPFL\",\"datePublished\":\"2026-03-05T13:49:40+00:00\",\"mainEntityOfPage\":{\"@id\":\"https:\\\/\\\/ethrat.ch\\\/fr\\\/nominations-mars-26\\\/\"},\"wordCount\":3713,\"publisher\":{\"@id\":\"https:\\\/\\\/ethrat.ch\\\/de\\\/#organization\"},\"articleSection\":[\"Communiqu\u00e9 de presse\"],\"inLanguage\":\"fr-FR\"},{\"@type\":\"WebPage\",\"@id\":\"https:\\\/\\\/ethrat.ch\\\/fr\\\/nominations-mars-26\\\/\",\"url\":\"https:\\\/\\\/ethrat.ch\\\/fr\\\/nominations-mars-26\\\/\",\"name\":\"19 professeures et professeurs nomm\u00e9s \u00e0 l\u2019ETH Zurich et \u00e0 l\u2019EPFL - Conseil des EPF\",\"isPartOf\":{\"@id\":\"https:\\\/\\\/ethrat.ch\\\/de\\\/#website\"},\"datePublished\":\"2026-03-05T13:49:40+00:00\",\"breadcrumb\":{\"@id\":\"https:\\\/\\\/ethrat.ch\\\/fr\\\/nominations-mars-26\\\/#breadcrumb\"},\"inLanguage\":\"fr-FR\",\"potentialAction\":[{\"@type\":\"ReadAction\",\"target\":[\"https:\\\/\\\/ethrat.ch\\\/fr\\\/nominations-mars-26\\\/\"]}]},{\"@type\":\"BreadcrumbList\",\"@id\":\"https:\\\/\\\/ethrat.ch\\\/fr\\\/nominations-mars-26\\\/#breadcrumb\",\"itemListElement\":[{\"@type\":\"ListItem\",\"position\":1,\"name\":\"Home\",\"item\":\"https:\\\/\\\/ethrat.ch\\\/fr\\\/\"},{\"@type\":\"ListItem\",\"position\":2,\"name\":\"19 professeures et professeurs nomm\u00e9s \u00e0 l\u2019ETH Zurich et \u00e0 l\u2019EPFL\"}]},{\"@type\":\"WebSite\",\"@id\":\"https:\\\/\\\/ethrat.ch\\\/de\\\/#website\",\"url\":\"https:\\\/\\\/ethrat.ch\\\/de\\\/\",\"name\":\"ETH-Rat\",\"description\":\"\",\"publisher\":{\"@id\":\"https:\\\/\\\/ethrat.ch\\\/de\\\/#organization\"},\"potentialAction\":[{\"@type\":\"SearchAction\",\"target\":{\"@type\":\"EntryPoint\",\"urlTemplate\":\"https:\\\/\\\/ethrat.ch\\\/de\\\/?s={search_term_string}\"},\"query-input\":{\"@type\":\"PropertyValueSpecification\",\"valueRequired\":true,\"valueName\":\"search_term_string\"}}],\"inLanguage\":\"fr-FR\"},{\"@type\":\"Organization\",\"@id\":\"https:\\\/\\\/ethrat.ch\\\/de\\\/#organization\",\"name\":\"ETH-Rat\",\"url\":\"https:\\\/\\\/ethrat.ch\\\/de\\\/\",\"logo\":{\"@type\":\"ImageObject\",\"inLanguage\":\"fr-FR\",\"@id\":\"https:\\\/\\\/ethrat.ch\\\/de\\\/#\\\/schema\\\/logo\\\/image\\\/\",\"url\":\"https:\\\/\\\/ethrat.ch\\\/wp-content\\\/uploads\\\/2024\\\/04\\\/logo-white.svg\",\"contentUrl\":\"https:\\\/\\\/ethrat.ch\\\/wp-content\\\/uploads\\\/2024\\\/04\\\/logo-white.svg\",\"width\":283,\"height\":81,\"caption\":\"ETH-Rat\"},\"image\":{\"@id\":\"https:\\\/\\\/ethrat.ch\\\/de\\\/#\\\/schema\\\/logo\\\/image\\\/\"},\"sameAs\":[\"https:\\\/\\\/x.com\\\/eth_rat\",\"https:\\\/\\\/issuu.com\\\/ethrat\",\"https:\\\/\\\/www.linkedin.com\\\/company\\\/eth-rat\\\/\"]},{\"@type\":\"Person\",\"@id\":\"https:\\\/\\\/ethrat.ch\\\/de\\\/#\\\/schema\\\/person\\\/cd4b3d02ff8338497461f0f4743d487b\",\"name\":\"Sandra Fl\u00fcckiger\",\"image\":{\"@type\":\"ImageObject\",\"inLanguage\":\"fr-FR\",\"@id\":\"https:\\\/\\\/secure.gravatar.com\\\/avatar\\\/2c576eeac110cc2f54fdd3129fb882deb825aae979e7fb4abc0d056ab04364b4?s=96&d=mm&r=g\",\"url\":\"https:\\\/\\\/secure.gravatar.com\\\/avatar\\\/2c576eeac110cc2f54fdd3129fb882deb825aae979e7fb4abc0d056ab04364b4?s=96&d=mm&r=g\",\"contentUrl\":\"https:\\\/\\\/secure.gravatar.com\\\/avatar\\\/2c576eeac110cc2f54fdd3129fb882deb825aae979e7fb4abc0d056ab04364b4?s=96&d=mm&r=g\",\"caption\":\"Sandra Fl\u00fcckiger\"},\"url\":\"https:\\\/\\\/ethrat.ch\\\/fr\\\/author\\\/sandra-flueckigerethrat-ch\\\/\"}]}<\/script>\n<!-- \/ Yoast SEO plugin. -->","yoast_head_json":{"title":"19 professeures et professeurs nomm\u00e9s \u00e0 l\u2019ETH Zurich et \u00e0 l\u2019EPFL - Conseil des EPF","robots":{"index":"index","follow":"follow","max-snippet":"max-snippet:-1","max-image-preview":"max-image-preview:large","max-video-preview":"max-video-preview:-1"},"canonical":"https:\/\/ethrat.ch\/fr\/nominations-mars-26\/","og_locale":"fr_FR","og_type":"article","og_title":"19 professeures et professeurs nomm\u00e9s \u00e0 l\u2019ETH Zurich et \u00e0 l\u2019EPFL - Conseil des EPF","og_description":"Le Conseil des EPF, r\u00e9uni en s\u00e9ance les 4 et 5 mars 2026, a nomm\u00e9 sept professeures et douze professeurs et adress\u00e9 ses remerciements \u00e0 une professeure ainsi que trois professeurs sortants.","og_url":"https:\/\/ethrat.ch\/fr\/nominations-mars-26\/","og_site_name":"Conseil des EPF","article_published_time":"2026-03-05T13:49:40+00:00","author":"Sandra Fl\u00fcckiger","twitter_card":"summary_large_image","twitter_creator":"@eth_rat","twitter_site":"@eth_rat","twitter_misc":{"\u00c9crit par":"Sandra Fl\u00fcckiger","Dur\u00e9e de lecture estim\u00e9e":"19 minutes"},"schema":{"@context":"https:\/\/schema.org","@graph":[{"@type":"Article","@id":"https:\/\/ethrat.ch\/fr\/nominations-mars-26\/#article","isPartOf":{"@id":"https:\/\/ethrat.ch\/fr\/nominations-mars-26\/"},"author":{"name":"Sandra Fl\u00fcckiger","@id":"https:\/\/ethrat.ch\/de\/#\/schema\/person\/cd4b3d02ff8338497461f0f4743d487b"},"headline":"19 professeures et professeurs nomm\u00e9s \u00e0 l\u2019ETH Zurich et \u00e0 l\u2019EPFL","datePublished":"2026-03-05T13:49:40+00:00","mainEntityOfPage":{"@id":"https:\/\/ethrat.ch\/fr\/nominations-mars-26\/"},"wordCount":3713,"publisher":{"@id":"https:\/\/ethrat.ch\/de\/#organization"},"articleSection":["Communiqu\u00e9 de presse"],"inLanguage":"fr-FR"},{"@type":"WebPage","@id":"https:\/\/ethrat.ch\/fr\/nominations-mars-26\/","url":"https:\/\/ethrat.ch\/fr\/nominations-mars-26\/","name":"19 professeures et professeurs nomm\u00e9s \u00e0 l\u2019ETH Zurich et \u00e0 l\u2019EPFL - Conseil des EPF","isPartOf":{"@id":"https:\/\/ethrat.ch\/de\/#website"},"datePublished":"2026-03-05T13:49:40+00:00","breadcrumb":{"@id":"https:\/\/ethrat.ch\/fr\/nominations-mars-26\/#breadcrumb"},"inLanguage":"fr-FR","potentialAction":[{"@type":"ReadAction","target":["https:\/\/ethrat.ch\/fr\/nominations-mars-26\/"]}]},{"@type":"BreadcrumbList","@id":"https:\/\/ethrat.ch\/fr\/nominations-mars-26\/#breadcrumb","itemListElement":[{"@type":"ListItem","position":1,"name":"Home","item":"https:\/\/ethrat.ch\/fr\/"},{"@type":"ListItem","position":2,"name":"19 professeures et professeurs nomm\u00e9s \u00e0 l\u2019ETH Zurich et \u00e0 l\u2019EPFL"}]},{"@type":"WebSite","@id":"https:\/\/ethrat.ch\/de\/#website","url":"https:\/\/ethrat.ch\/de\/","name":"ETH-Rat","description":"","publisher":{"@id":"https:\/\/ethrat.ch\/de\/#organization"},"potentialAction":[{"@type":"SearchAction","target":{"@type":"EntryPoint","urlTemplate":"https:\/\/ethrat.ch\/de\/?s={search_term_string}"},"query-input":{"@type":"PropertyValueSpecification","valueRequired":true,"valueName":"search_term_string"}}],"inLanguage":"fr-FR"},{"@type":"Organization","@id":"https:\/\/ethrat.ch\/de\/#organization","name":"ETH-Rat","url":"https:\/\/ethrat.ch\/de\/","logo":{"@type":"ImageObject","inLanguage":"fr-FR","@id":"https:\/\/ethrat.ch\/de\/#\/schema\/logo\/image\/","url":"https:\/\/ethrat.ch\/wp-content\/uploads\/2024\/04\/logo-white.svg","contentUrl":"https:\/\/ethrat.ch\/wp-content\/uploads\/2024\/04\/logo-white.svg","width":283,"height":81,"caption":"ETH-Rat"},"image":{"@id":"https:\/\/ethrat.ch\/de\/#\/schema\/logo\/image\/"},"sameAs":["https:\/\/x.com\/eth_rat","https:\/\/issuu.com\/ethrat","https:\/\/www.linkedin.com\/company\/eth-rat\/"]},{"@type":"Person","@id":"https:\/\/ethrat.ch\/de\/#\/schema\/person\/cd4b3d02ff8338497461f0f4743d487b","name":"Sandra Fl\u00fcckiger","image":{"@type":"ImageObject","inLanguage":"fr-FR","@id":"https:\/\/secure.gravatar.com\/avatar\/2c576eeac110cc2f54fdd3129fb882deb825aae979e7fb4abc0d056ab04364b4?s=96&d=mm&r=g","url":"https:\/\/secure.gravatar.com\/avatar\/2c576eeac110cc2f54fdd3129fb882deb825aae979e7fb4abc0d056ab04364b4?s=96&d=mm&r=g","contentUrl":"https:\/\/secure.gravatar.com\/avatar\/2c576eeac110cc2f54fdd3129fb882deb825aae979e7fb4abc0d056ab04364b4?s=96&d=mm&r=g","caption":"Sandra Fl\u00fcckiger"},"url":"https:\/\/ethrat.ch\/fr\/author\/sandra-flueckigerethrat-ch\/"}]}},"_links":{"self":[{"href":"https:\/\/ethrat.ch\/fr\/wp-json\/wp\/v2\/posts\/57875","targetHints":{"allow":["GET"]}}],"collection":[{"href":"https:\/\/ethrat.ch\/fr\/wp-json\/wp\/v2\/posts"}],"about":[{"href":"https:\/\/ethrat.ch\/fr\/wp-json\/wp\/v2\/types\/post"}],"author":[{"embeddable":true,"href":"https:\/\/ethrat.ch\/fr\/wp-json\/wp\/v2\/users\/12"}],"replies":[{"embeddable":true,"href":"https:\/\/ethrat.ch\/fr\/wp-json\/wp\/v2\/comments?post=57875"}],"version-history":[{"count":1,"href":"https:\/\/ethrat.ch\/fr\/wp-json\/wp\/v2\/posts\/57875\/revisions"}],"predecessor-version":[{"id":57876,"href":"https:\/\/ethrat.ch\/fr\/wp-json\/wp\/v2\/posts\/57875\/revisions\/57876"}],"wp:attachment":[{"href":"https:\/\/ethrat.ch\/fr\/wp-json\/wp\/v2\/media?parent=57875"}],"wp:term":[{"taxonomy":"category","embeddable":true,"href":"https:\/\/ethrat.ch\/fr\/wp-json\/wp\/v2\/categories?post=57875"},{"taxonomy":"post_tag","embeddable":true,"href":"https:\/\/ethrat.ch\/fr\/wp-json\/wp\/v2\/tags?post=57875"},{"taxonomy":"search-tag","embeddable":true,"href":"https:\/\/ethrat.ch\/fr\/wp-json\/wp\/v2\/search-tag?post=57875"}],"curies":[{"name":"wp","href":"https:\/\/api.w.org\/{rel}","templated":true}]}}