{"id":57479,"date":"2026-01-28T09:57:38","date_gmt":"2026-01-28T08:57:38","guid":{"rendered":"https:\/\/ethrat.ch\/?p=57479"},"modified":"2026-01-29T10:09:38","modified_gmt":"2026-01-29T09:09:38","slug":"le-conseil-federal-confirme-tanja-zimmermann-dans-ses-fonctions-de-directrice-de-lempa","status":"publish","type":"post","link":"https:\/\/ethrat.ch\/fr\/le-conseil-federal-confirme-tanja-zimmermann-dans-ses-fonctions-de-directrice-de-lempa\/","title":{"rendered":"Le Conseil f\u00e9d\u00e9ral confirme Tanja Zimmermann dans ses fonctions de directrice de l\u2019Empa"},"content":{"rendered":"<p>Lors de son premier mandat, Tanja Zimmermann a men\u00e9 le d\u00e9veloppement strat\u00e9gique et structurel de l\u2019Empa tout en intensifiant la collaboration avec les autres institutions du Domaine des EPF que sont l\u2019ETH Zurich, l\u2019EPFL, l\u2019Institut Paul Scherrer PSI, le WSL Institut f\u00e9d\u00e9ral de recherches sur la for\u00eat, la neige et le paysage SLF et l\u2019Eawag. Sous sa direction, l\u2019Empa a pu r\u00e9affirmer son r\u00f4le de moteur de l\u2019innovation en Suisse, au croisement de la science, de l\u2019\u00e9conomie et de la soci\u00e9t\u00e9 dans ses domaines de recherche principaux tels que les technologies de l\u2019\u00e9nergie et d\u2019\u00e9mission n\u00e9gative, les infrastructures et l\u2019environnement b\u00e2ti et les technologies de la sant\u00e9.<\/p>\n<p>Plusieurs initiatives de recherche interinstitutionnelles ont \u00e9t\u00e9 ainsi lanc\u00e9es, que ce soit pour renforcer l\u2019industrie suisse des semi-conducteurs, trouver des alternatives durables \u00e0 des mat\u00e9riaux contenant des substances chimiques probl\u00e9matiques persistantes (comme les PFAS), d\u00e9velopper des technologies modulaires de r\u00e9duction de l\u2019impact climatique ou encore apporter une r\u00e9ponse efficace au probl\u00e8me de l\u2019antibior\u00e9sistance. De plus, Tanja Zimmermann a appliqu\u00e9 des mesures d\u2019\u00e9conomie fructueuses, tout en renfor\u00e7ant l\u2019encouragement des jeunes talents et des spin-off dans le giron de l\u2019Empa. En atteste le succ\u00e8s de viboo, BTRY et Ionic Wind, qui ont pu, \u00e0 la suite de divers tours de financement, engranger \u00e0 elles seules un capital d\u2019investissement avoisinant 10 millions de francs au dernier trimestre 2025.<\/p>\n<p>Tanja Zimmermann a obtenu son doctorat en 2007 \u00e0 l\u2019Universit\u00e9 de Hambourg. Entre 2001 et 2012, elle a mis sur pied et d\u00e9velopp\u00e9 le domaine de recherche des nanocomposites de cellulose \u00e0 l\u2019Empa, en \u00e9troite collaboration avec l\u2019industrie. De 2011 \u00e0 2017, elle a tenu les r\u00eanes du d\u00e9partement de recherche appliqu\u00e9e sur le bois. Membre de la direction de l\u2019Empa depuis l\u2019automne 2017, elle a dirig\u00e9 le d\u00e9partement Mat\u00e9riaux fonctionnels, qui compte quelque 200 collaborateurs, avant de devenir directrice de l\u2019institution. Tanja Zimmermann est par ailleurs membre de plusieurs instances nationales et internationales. Elle est notamment pr\u00e9sidente de l\u2019incubateur d\u2019entreprises glatec et du conseil d\u2019administration de la fondation <em>Technopark Z\u00fcrich<\/em>, <em>senior advisor<\/em> au sein du conseil consultatif du <em>Stockholm University Center for Circular and Sustainable Systems<\/em> et membre du comit\u00e9 du <em>Center for Space and Aviation Switzerland and Liechtenstein<\/em>.<\/p>\n<p><a href=\"https:\/\/www.news.admin.ch\/fr\/newnsb\/wGjnRKsv0_0sHSzMJIBvi\" target=\"_blank\" rel=\"noopener\">Lien vers le communiqu\u00e9 du Conseil f\u00e9d\u00e9ral<\/a><\/p>\n","protected":false},"excerpt":{"rendered":"<p>Le 28 janvier 2026, le Conseil f\u00e9d\u00e9ral a reconduit la professeure Tanja Zimmermann dans ses fonctions de directrice de l&rsquo;Empa pour une nouvelle p\u00e9riode de quatre ans, du 1er juin 2026 au 31 mai 2030.<\/p>\n","protected":false},"author":11,"featured_media":0,"comment_status":"closed","ping_status":"closed","sticky":false,"template":"","format":"standard","meta":{"_acf_changed":false,"footnotes":"","_links_to":"","_links_to_target":""},"categories":[265],"tags":[],"search-tag":[],"class_list":["post-57479","post","type-post","status-publish","format-standard","hentry","category-communique-de-presse"],"acf":[],"yoast_head":"<!-- This site is optimized with the Yoast SEO plugin v27.3 - https:\/\/yoast.com\/product\/yoast-seo-wordpress\/ -->\n<title>Le Conseil f\u00e9d\u00e9ral confirme Tanja Zimmermann dans ses fonctions de directrice de l\u2019Empa - Conseil des EPF<\/title>\n<meta name=\"robots\" content=\"index, follow, max-snippet:-1, max-image-preview:large, max-video-preview:-1\" \/>\n<link rel=\"canonical\" href=\"https:\/\/ethrat.ch\/fr\/le-conseil-federal-confirme-tanja-zimmermann-dans-ses-fonctions-de-directrice-de-lempa\/\" \/>\n<meta property=\"og:locale\" content=\"fr_FR\" \/>\n<meta property=\"og:type\" content=\"article\" \/>\n<meta property=\"og:title\" content=\"Le Conseil f\u00e9d\u00e9ral confirme Tanja Zimmermann dans ses fonctions de directrice de l\u2019Empa - Conseil des EPF\" \/>\n<meta property=\"og:description\" content=\"Le 28 janvier 2026, le Conseil f\u00e9d\u00e9ral a reconduit la professeure Tanja Zimmermann dans ses fonctions de directrice de l&#039;Empa pour une nouvelle p\u00e9riode de quatre ans, du 1er juin 2026 au 31 mai 2030.\" \/>\n<meta property=\"og:url\" content=\"https:\/\/ethrat.ch\/fr\/le-conseil-federal-confirme-tanja-zimmermann-dans-ses-fonctions-de-directrice-de-lempa\/\" \/>\n<meta property=\"og:site_name\" content=\"Conseil des EPF\" \/>\n<meta property=\"article:published_time\" content=\"2026-01-28T08:57:38+00:00\" \/>\n<meta property=\"article:modified_time\" content=\"2026-01-29T09:09:38+00:00\" \/>\n<meta name=\"author\" content=\"Pierre-Pascal Baumann\" \/>\n<meta name=\"twitter:card\" content=\"summary_large_image\" \/>\n<meta name=\"twitter:creator\" content=\"@eth_rat\" \/>\n<meta name=\"twitter:site\" content=\"@eth_rat\" \/>\n<meta name=\"twitter:label1\" content=\"\u00c9crit par\" \/>\n\t<meta name=\"twitter:data1\" content=\"Pierre-Pascal Baumann\" \/>\n\t<meta name=\"twitter:label2\" content=\"Dur\u00e9e de lecture estim\u00e9e\" \/>\n\t<meta name=\"twitter:data2\" content=\"3 minutes\" \/>\n<script type=\"application\/ld+json\" class=\"yoast-schema-graph\">{\"@context\":\"https:\\\/\\\/schema.org\",\"@graph\":[{\"@type\":\"Article\",\"@id\":\"https:\\\/\\\/ethrat.ch\\\/fr\\\/le-conseil-federal-confirme-tanja-zimmermann-dans-ses-fonctions-de-directrice-de-lempa\\\/#article\",\"isPartOf\":{\"@id\":\"https:\\\/\\\/ethrat.ch\\\/fr\\\/le-conseil-federal-confirme-tanja-zimmermann-dans-ses-fonctions-de-directrice-de-lempa\\\/\"},\"author\":{\"name\":\"Pierre-Pascal Baumann\",\"@id\":\"https:\\\/\\\/ethrat.ch\\\/de\\\/#\\\/schema\\\/person\\\/d9fefa0b5f78d403e1eadfd72e6d54b5\"},\"headline\":\"Le Conseil f\u00e9d\u00e9ral confirme Tanja Zimmermann dans ses fonctions de directrice de l\u2019Empa\",\"datePublished\":\"2026-01-28T08:57:38+00:00\",\"dateModified\":\"2026-01-29T09:09:38+00:00\",\"mainEntityOfPage\":{\"@id\":\"https:\\\/\\\/ethrat.ch\\\/fr\\\/le-conseil-federal-confirme-tanja-zimmermann-dans-ses-fonctions-de-directrice-de-lempa\\\/\"},\"wordCount\":427,\"publisher\":{\"@id\":\"https:\\\/\\\/ethrat.ch\\\/de\\\/#organization\"},\"articleSection\":[\"Communiqu\u00e9 de presse\"],\"inLanguage\":\"fr-FR\"},{\"@type\":\"WebPage\",\"@id\":\"https:\\\/\\\/ethrat.ch\\\/fr\\\/le-conseil-federal-confirme-tanja-zimmermann-dans-ses-fonctions-de-directrice-de-lempa\\\/\",\"url\":\"https:\\\/\\\/ethrat.ch\\\/fr\\\/le-conseil-federal-confirme-tanja-zimmermann-dans-ses-fonctions-de-directrice-de-lempa\\\/\",\"name\":\"Le Conseil f\u00e9d\u00e9ral confirme Tanja Zimmermann dans ses fonctions de directrice de l\u2019Empa - Conseil des EPF\",\"isPartOf\":{\"@id\":\"https:\\\/\\\/ethrat.ch\\\/de\\\/#website\"},\"datePublished\":\"2026-01-28T08:57:38+00:00\",\"dateModified\":\"2026-01-29T09:09:38+00:00\",\"breadcrumb\":{\"@id\":\"https:\\\/\\\/ethrat.ch\\\/fr\\\/le-conseil-federal-confirme-tanja-zimmermann-dans-ses-fonctions-de-directrice-de-lempa\\\/#breadcrumb\"},\"inLanguage\":\"fr-FR\",\"potentialAction\":[{\"@type\":\"ReadAction\",\"target\":[\"https:\\\/\\\/ethrat.ch\\\/fr\\\/le-conseil-federal-confirme-tanja-zimmermann-dans-ses-fonctions-de-directrice-de-lempa\\\/\"]}]},{\"@type\":\"BreadcrumbList\",\"@id\":\"https:\\\/\\\/ethrat.ch\\\/fr\\\/le-conseil-federal-confirme-tanja-zimmermann-dans-ses-fonctions-de-directrice-de-lempa\\\/#breadcrumb\",\"itemListElement\":[{\"@type\":\"ListItem\",\"position\":1,\"name\":\"Home\",\"item\":\"https:\\\/\\\/ethrat.ch\\\/fr\\\/\"},{\"@type\":\"ListItem\",\"position\":2,\"name\":\"Le Conseil f\u00e9d\u00e9ral confirme Tanja Zimmermann dans ses fonctions de directrice de l\u2019Empa\"}]},{\"@type\":\"WebSite\",\"@id\":\"https:\\\/\\\/ethrat.ch\\\/de\\\/#website\",\"url\":\"https:\\\/\\\/ethrat.ch\\\/de\\\/\",\"name\":\"ETH-Rat\",\"description\":\"\",\"publisher\":{\"@id\":\"https:\\\/\\\/ethrat.ch\\\/de\\\/#organization\"},\"potentialAction\":[{\"@type\":\"SearchAction\",\"target\":{\"@type\":\"EntryPoint\",\"urlTemplate\":\"https:\\\/\\\/ethrat.ch\\\/de\\\/?s={search_term_string}\"},\"query-input\":{\"@type\":\"PropertyValueSpecification\",\"valueRequired\":true,\"valueName\":\"search_term_string\"}}],\"inLanguage\":\"fr-FR\"},{\"@type\":\"Organization\",\"@id\":\"https:\\\/\\\/ethrat.ch\\\/de\\\/#organization\",\"name\":\"ETH-Rat\",\"url\":\"https:\\\/\\\/ethrat.ch\\\/de\\\/\",\"logo\":{\"@type\":\"ImageObject\",\"inLanguage\":\"fr-FR\",\"@id\":\"https:\\\/\\\/ethrat.ch\\\/de\\\/#\\\/schema\\\/logo\\\/image\\\/\",\"url\":\"https:\\\/\\\/ethrat.ch\\\/wp-content\\\/uploads\\\/2024\\\/04\\\/logo-white.svg\",\"contentUrl\":\"https:\\\/\\\/ethrat.ch\\\/wp-content\\\/uploads\\\/2024\\\/04\\\/logo-white.svg\",\"width\":283,\"height\":81,\"caption\":\"ETH-Rat\"},\"image\":{\"@id\":\"https:\\\/\\\/ethrat.ch\\\/de\\\/#\\\/schema\\\/logo\\\/image\\\/\"},\"sameAs\":[\"https:\\\/\\\/x.com\\\/eth_rat\",\"https:\\\/\\\/issuu.com\\\/ethrat\",\"https:\\\/\\\/www.linkedin.com\\\/company\\\/eth-rat\\\/\"]},{\"@type\":\"Person\",\"@id\":\"https:\\\/\\\/ethrat.ch\\\/de\\\/#\\\/schema\\\/person\\\/d9fefa0b5f78d403e1eadfd72e6d54b5\",\"name\":\"Pierre-Pascal Baumann\",\"image\":{\"@type\":\"ImageObject\",\"inLanguage\":\"fr-FR\",\"@id\":\"https:\\\/\\\/secure.gravatar.com\\\/avatar\\\/57f0ceca7019f472e31528a35525a6a509d37fccce88e802954ae2b81a61d08b?s=96&d=mm&r=g\",\"url\":\"https:\\\/\\\/secure.gravatar.com\\\/avatar\\\/57f0ceca7019f472e31528a35525a6a509d37fccce88e802954ae2b81a61d08b?s=96&d=mm&r=g\",\"contentUrl\":\"https:\\\/\\\/secure.gravatar.com\\\/avatar\\\/57f0ceca7019f472e31528a35525a6a509d37fccce88e802954ae2b81a61d08b?s=96&d=mm&r=g\",\"caption\":\"Pierre-Pascal Baumann\"},\"url\":\"https:\\\/\\\/ethrat.ch\\\/fr\\\/author\\\/pierre-baumannethrat-ch\\\/\"}]}<\/script>\n<!-- \/ Yoast SEO plugin. -->","yoast_head_json":{"title":"Le Conseil f\u00e9d\u00e9ral confirme Tanja Zimmermann dans ses fonctions de directrice de l\u2019Empa - Conseil des EPF","robots":{"index":"index","follow":"follow","max-snippet":"max-snippet:-1","max-image-preview":"max-image-preview:large","max-video-preview":"max-video-preview:-1"},"canonical":"https:\/\/ethrat.ch\/fr\/le-conseil-federal-confirme-tanja-zimmermann-dans-ses-fonctions-de-directrice-de-lempa\/","og_locale":"fr_FR","og_type":"article","og_title":"Le Conseil f\u00e9d\u00e9ral confirme Tanja Zimmermann dans ses fonctions de directrice de l\u2019Empa - Conseil des EPF","og_description":"Le 28 janvier 2026, le Conseil f\u00e9d\u00e9ral a reconduit la professeure Tanja Zimmermann dans ses fonctions de directrice de l'Empa pour une nouvelle p\u00e9riode de quatre ans, du 1er juin 2026 au 31 mai 2030.","og_url":"https:\/\/ethrat.ch\/fr\/le-conseil-federal-confirme-tanja-zimmermann-dans-ses-fonctions-de-directrice-de-lempa\/","og_site_name":"Conseil des EPF","article_published_time":"2026-01-28T08:57:38+00:00","article_modified_time":"2026-01-29T09:09:38+00:00","author":"Pierre-Pascal Baumann","twitter_card":"summary_large_image","twitter_creator":"@eth_rat","twitter_site":"@eth_rat","twitter_misc":{"\u00c9crit par":"Pierre-Pascal Baumann","Dur\u00e9e de lecture estim\u00e9e":"3 minutes"},"schema":{"@context":"https:\/\/schema.org","@graph":[{"@type":"Article","@id":"https:\/\/ethrat.ch\/fr\/le-conseil-federal-confirme-tanja-zimmermann-dans-ses-fonctions-de-directrice-de-lempa\/#article","isPartOf":{"@id":"https:\/\/ethrat.ch\/fr\/le-conseil-federal-confirme-tanja-zimmermann-dans-ses-fonctions-de-directrice-de-lempa\/"},"author":{"name":"Pierre-Pascal Baumann","@id":"https:\/\/ethrat.ch\/de\/#\/schema\/person\/d9fefa0b5f78d403e1eadfd72e6d54b5"},"headline":"Le Conseil f\u00e9d\u00e9ral confirme Tanja Zimmermann dans ses fonctions de directrice de l\u2019Empa","datePublished":"2026-01-28T08:57:38+00:00","dateModified":"2026-01-29T09:09:38+00:00","mainEntityOfPage":{"@id":"https:\/\/ethrat.ch\/fr\/le-conseil-federal-confirme-tanja-zimmermann-dans-ses-fonctions-de-directrice-de-lempa\/"},"wordCount":427,"publisher":{"@id":"https:\/\/ethrat.ch\/de\/#organization"},"articleSection":["Communiqu\u00e9 de presse"],"inLanguage":"fr-FR"},{"@type":"WebPage","@id":"https:\/\/ethrat.ch\/fr\/le-conseil-federal-confirme-tanja-zimmermann-dans-ses-fonctions-de-directrice-de-lempa\/","url":"https:\/\/ethrat.ch\/fr\/le-conseil-federal-confirme-tanja-zimmermann-dans-ses-fonctions-de-directrice-de-lempa\/","name":"Le Conseil f\u00e9d\u00e9ral confirme Tanja Zimmermann dans ses fonctions de directrice de l\u2019Empa - Conseil des EPF","isPartOf":{"@id":"https:\/\/ethrat.ch\/de\/#website"},"datePublished":"2026-01-28T08:57:38+00:00","dateModified":"2026-01-29T09:09:38+00:00","breadcrumb":{"@id":"https:\/\/ethrat.ch\/fr\/le-conseil-federal-confirme-tanja-zimmermann-dans-ses-fonctions-de-directrice-de-lempa\/#breadcrumb"},"inLanguage":"fr-FR","potentialAction":[{"@type":"ReadAction","target":["https:\/\/ethrat.ch\/fr\/le-conseil-federal-confirme-tanja-zimmermann-dans-ses-fonctions-de-directrice-de-lempa\/"]}]},{"@type":"BreadcrumbList","@id":"https:\/\/ethrat.ch\/fr\/le-conseil-federal-confirme-tanja-zimmermann-dans-ses-fonctions-de-directrice-de-lempa\/#breadcrumb","itemListElement":[{"@type":"ListItem","position":1,"name":"Home","item":"https:\/\/ethrat.ch\/fr\/"},{"@type":"ListItem","position":2,"name":"Le Conseil f\u00e9d\u00e9ral confirme Tanja Zimmermann dans ses fonctions de directrice de l\u2019Empa"}]},{"@type":"WebSite","@id":"https:\/\/ethrat.ch\/de\/#website","url":"https:\/\/ethrat.ch\/de\/","name":"ETH-Rat","description":"","publisher":{"@id":"https:\/\/ethrat.ch\/de\/#organization"},"potentialAction":[{"@type":"SearchAction","target":{"@type":"EntryPoint","urlTemplate":"https:\/\/ethrat.ch\/de\/?s={search_term_string}"},"query-input":{"@type":"PropertyValueSpecification","valueRequired":true,"valueName":"search_term_string"}}],"inLanguage":"fr-FR"},{"@type":"Organization","@id":"https:\/\/ethrat.ch\/de\/#organization","name":"ETH-Rat","url":"https:\/\/ethrat.ch\/de\/","logo":{"@type":"ImageObject","inLanguage":"fr-FR","@id":"https:\/\/ethrat.ch\/de\/#\/schema\/logo\/image\/","url":"https:\/\/ethrat.ch\/wp-content\/uploads\/2024\/04\/logo-white.svg","contentUrl":"https:\/\/ethrat.ch\/wp-content\/uploads\/2024\/04\/logo-white.svg","width":283,"height":81,"caption":"ETH-Rat"},"image":{"@id":"https:\/\/ethrat.ch\/de\/#\/schema\/logo\/image\/"},"sameAs":["https:\/\/x.com\/eth_rat","https:\/\/issuu.com\/ethrat","https:\/\/www.linkedin.com\/company\/eth-rat\/"]},{"@type":"Person","@id":"https:\/\/ethrat.ch\/de\/#\/schema\/person\/d9fefa0b5f78d403e1eadfd72e6d54b5","name":"Pierre-Pascal Baumann","image":{"@type":"ImageObject","inLanguage":"fr-FR","@id":"https:\/\/secure.gravatar.com\/avatar\/57f0ceca7019f472e31528a35525a6a509d37fccce88e802954ae2b81a61d08b?s=96&d=mm&r=g","url":"https:\/\/secure.gravatar.com\/avatar\/57f0ceca7019f472e31528a35525a6a509d37fccce88e802954ae2b81a61d08b?s=96&d=mm&r=g","contentUrl":"https:\/\/secure.gravatar.com\/avatar\/57f0ceca7019f472e31528a35525a6a509d37fccce88e802954ae2b81a61d08b?s=96&d=mm&r=g","caption":"Pierre-Pascal Baumann"},"url":"https:\/\/ethrat.ch\/fr\/author\/pierre-baumannethrat-ch\/"}]}},"_links":{"self":[{"href":"https:\/\/ethrat.ch\/fr\/wp-json\/wp\/v2\/posts\/57479","targetHints":{"allow":["GET"]}}],"collection":[{"href":"https:\/\/ethrat.ch\/fr\/wp-json\/wp\/v2\/posts"}],"about":[{"href":"https:\/\/ethrat.ch\/fr\/wp-json\/wp\/v2\/types\/post"}],"author":[{"embeddable":true,"href":"https:\/\/ethrat.ch\/fr\/wp-json\/wp\/v2\/users\/11"}],"replies":[{"embeddable":true,"href":"https:\/\/ethrat.ch\/fr\/wp-json\/wp\/v2\/comments?post=57479"}],"version-history":[{"count":0,"href":"https:\/\/ethrat.ch\/fr\/wp-json\/wp\/v2\/posts\/57479\/revisions"}],"wp:attachment":[{"href":"https:\/\/ethrat.ch\/fr\/wp-json\/wp\/v2\/media?parent=57479"}],"wp:term":[{"taxonomy":"category","embeddable":true,"href":"https:\/\/ethrat.ch\/fr\/wp-json\/wp\/v2\/categories?post=57479"},{"taxonomy":"post_tag","embeddable":true,"href":"https:\/\/ethrat.ch\/fr\/wp-json\/wp\/v2\/tags?post=57479"},{"taxonomy":"search-tag","embeddable":true,"href":"https:\/\/ethrat.ch\/fr\/wp-json\/wp\/v2\/search-tag?post=57479"}],"curies":[{"name":"wp","href":"https:\/\/api.w.org\/{rel}","templated":true}]}}