{"id":56678,"date":"2025-12-04T16:26:16","date_gmt":"2025-12-04T15:26:16","guid":{"rendered":"https:\/\/ethrat.ch\/?p=56678"},"modified":"2025-12-04T16:32:25","modified_gmt":"2025-12-04T15:32:25","slug":"en-2025-le-conseil-des-epf-a-nomme-pour-la-premiere-fois-plus-de-femmes-que-dhommes-au-sein-du-corps-professoral","status":"publish","type":"post","link":"https:\/\/ethrat.ch\/fr\/en-2025-le-conseil-des-epf-a-nomme-pour-la-premiere-fois-plus-de-femmes-que-dhommes-au-sein-du-corps-professoral\/","title":{"rendered":"En 2025, le Conseil des EPF a nomm\u00e9 pour la premi\u00e8re fois plus de femmes que d\u2019hommes au sein du corps professoral"},"content":{"rendered":"<h2>Plus de la moiti\u00e9 de nouvelles nominations f\u00e9minines au sein du corps professoral<\/h2>\n<p>Le Conseil des EPF souhaite attirer les meilleurs talents et se f\u00e9licite que les femmes comptent pour plus de la moiti\u00e9 (53,8%) des nouvelles nominations de professeurs en 2025. Cela repr\u00e9sente une progression in\u00e9dite. Ces derni\u00e8res ann\u00e9es, la part de professeures nouvellement nomm\u00e9es est syst\u00e9matiquement sup\u00e9rieure \u00e0 40%, ce qui permet de poursuivre l\u2019augmentation \u00e0 long terme des effectifs f\u00e9minins au sein du corps professoral de l\u2019ETH\u00a0Zurich et de l\u2019EPFL. Leur proportion s\u2019\u00e9tablit actuellement \u00e0 pr\u00e8s de 25%. Au total, les deux EPF emploient 916\u00a0professeures et professeurs (\u00e9tat en 2024). La strat\u00e9gie du Domaine des EPF vise \u00e0 augmenter la part de femmes dans l\u2019enseignement et la recherche ainsi qu&rsquo;aux postes de direction. Pour atteindre cet objectif, les institutions du Domaine des EPF mettent en place diff\u00e9rentes mesures, l\u2019une d\u2019elles consistant \u00e0 augmenter la proportion de nouvelles nominations f\u00e9minines au sein du corps professoral.<\/p>\n<h2>\u00a0Projet de d\u00e9veloppement organisationnel du Domaine des EPF \u00ab<em>FIT for the Future<\/em>\u00bb<\/h2>\n<p>L\u2019\u00e9tape du projet intitul\u00e9e \u00ab<em>Design Phase<\/em>\u00bb est en cours et vise \u00e0 pr\u00e9ciser concr\u00e8tement la structure du Domaine des EPF. Il est pr\u00e9vu que ce dernier soit constitu\u00e9 de trois piliers strat\u00e9giques forts: l\u2019ETH Zurich, l\u2019EPFL et les quatre \u00e9tablissements de recherche. Tandis que l\u2019objectif de fond b\u00e9n\u00e9ficie d\u2019un vaste soutien, les quatre \u00e9tablissements de recherche ont \u00e9mis des r\u00e9serves concernant leur regroupement au sein d\u2019une structure dot\u00e9e d\u2019une personnalit\u00e9 juridique commune. Ils ont \u00e9t\u00e9 charg\u00e9s par le Conseil des EPF, apr\u00e8s sa s\u00e9ance de septembre dernier, de d\u00e9velopper leur propre variante, qui pr\u00e9voit de conserver plusieurs personnalit\u00e9s juridiques et d\u2019intensifier la collaboration et la coordination. Cette proposition suppl\u00e9mentaire a elle aussi \u00e9t\u00e9 discut\u00e9e par le Conseil des EPF. La consultation interne au Domaine des EPF devrait \u00eatre lanc\u00e9e apr\u00e8s la s\u00e9ance du Conseil des EPF de mars 2026. Des informations d\u00e9taill\u00e9es sur l\u2019\u00e9tat d&rsquo;avancement du projet sont disponibles sur le site Internet du Conseil des EPF. Les personnes int\u00e9ress\u00e9es peuvent s\u2019abonner \u00e0 la newsletter concernant le projet \u00ab<em>FIT for the Future<\/em>\u00bb. <a href=\"https:\/\/ethrat.ch\/fr\/domaine-des-epf\/fit-for-the-future\/\">https:\/\/ethrat.ch\/fr\/domaine-des-epf\/fit-for-the-future\/<\/a><\/p>\n<h2>D\u00e9part de Susan Gasser, membre du Conseil des EPF<\/h2>\n<p>Le Conseil des EPF a pris cong\u00e9 de Susan Gasser, qui quittera ses fonctions en fin d\u2019ann\u00e9e. Membre du Conseil des EPF depuis 2017, Susan Gasser a fait b\u00e9n\u00e9ficier celui-ci de sa pr\u00e9cieuse expertise ainsi que de son exp\u00e9rience acquise dans le cadre de diff\u00e9rents mandats au sein de la communaut\u00e9 scientifique suisse. Michael Hengartner, pr\u00e9sident du Conseil des EPF, a adress\u00e9 ses remerciements \u00e0 Susan Gasser pour son travail de longue date en faveur du Domaine des EPF ainsi que pour son engagement au profit du savoir, de la technologie et de l\u2019innovation en Suisse et, en particulier, de la place des femmes dans la science. Susan Gasser a \u0153uvr\u00e9 pour accro\u00eetre l&rsquo;interconnexion et la coop\u00e9ration au sein du Domaine des EPF, consolidant ainsi la collaboration entre les diff\u00e9rentes disciplines, institutions, langues et r\u00e9gions. Elle a \u00e9galement soulign\u00e9 la responsabilit\u00e9 sociale des institutions du Domaine des EPF et a fortement influenc\u00e9 les discussions sur le changement climatique, la sant\u00e9, la durabilit\u00e9, la biodiversit\u00e9 et l\u2019orientation strat\u00e9gique de la science en Suisse. En juin dernier, le Conseil f\u00e9d\u00e9ral a nomm\u00e9 Matthias Leuenberger pour lui succ\u00e9der \u00e0 partir de 2026.<\/p>\n<h2>Mesures salariales au sein du Domaine des EPF en 2026<\/h2>\n<p>Le Conseil des EPF et les partenaires sociaux ont conclu un accord de principe consistant \u00e0 octroyer une compensation du rench\u00e9rissement de 0,5% en 2026. Cette d\u00e9cision s\u2019aligne sur celle qui a \u00e9t\u00e9 prise par le Conseil f\u00e9d\u00e9ral et les partenaires sociaux concernant le personnel de la Conf\u00e9d\u00e9ration. Les mesures salariales d\u00e9finitives pour le personnel de la Conf\u00e9d\u00e9ration n\u2019ont cependant pas encore \u00e9t\u00e9 d\u00e9cid\u00e9es \u00e9tant donn\u00e9 que le Conseil f\u00e9d\u00e9ral est tenu d\u2019attendre les d\u00e9lib\u00e9rations des Chambres f\u00e9d\u00e9rales sur le Budget 2026, qui ont lieu actuellement dans le cadre de la session d&rsquo;hiver (du 1<sup>er<\/sup> au 19\u00a0d\u00e9cembre). Si le Conseil f\u00e9d\u00e9ral opte pour une compensation du rench\u00e9rissement inf\u00e9rieure \u00e0 0,5% ou y renonce totalement, le Conseil des EPF s\u2019alignera sur cette d\u00e9cision.<\/p>\n<h2>D\u00e9part \u00e0 la direction du PSI<\/h2>\n<p>Peter Allenspach, responsable de la division Logistique au PSI, quittera la direction de l\u2019institution pour prendre sa retraite fin janvier\u00a02026. Il a assum\u00e9 diff\u00e9rentes fonctions au PSI et est membre de sa direction depuis novembre\u00a02007. Le Conseil des EPF remercie Peter Allenspach pour ses nombreuses ann\u00e9es de bons et loyaux services et lui adresse ses v\u0153ux de sant\u00e9 et de succ\u00e8s pour cette nouvelle \u00e9tape.<\/p>\n","protected":false},"excerpt":{"rendered":"<p>Le Conseil des EPF a pris acte avec satisfaction du fait que plus de la moiti\u00e9 des nouvelles nominations de professeurs en 2025 concernent des femmes. Les deux EPF sont donc en bonne voie pour atteindre l\u2019objectif d\u2019augmenter \u00e0 long terme la proportion de femmes professeures.<\/p>\n","protected":false},"author":11,"featured_media":0,"comment_status":"closed","ping_status":"closed","sticky":false,"template":"","format":"standard","meta":{"_acf_changed":false,"footnotes":"","_links_to":"","_links_to_target":""},"categories":[265],"tags":[],"search-tag":[],"class_list":["post-56678","post","type-post","status-publish","format-standard","hentry","category-communique-de-presse"],"acf":[],"yoast_head":"<!-- This site is optimized with the Yoast SEO plugin v27.3 - https:\/\/yoast.com\/product\/yoast-seo-wordpress\/ -->\n<title>En 2025, le Conseil des EPF a nomm\u00e9 pour la premi\u00e8re fois plus de femmes que d\u2019hommes au sein du corps professoral - Conseil des EPF<\/title>\n<meta name=\"robots\" content=\"index, follow, max-snippet:-1, max-image-preview:large, max-video-preview:-1\" \/>\n<link rel=\"canonical\" href=\"https:\/\/ethrat.ch\/fr\/en-2025-le-conseil-des-epf-a-nomme-pour-la-premiere-fois-plus-de-femmes-que-dhommes-au-sein-du-corps-professoral\/\" \/>\n<meta property=\"og:locale\" content=\"fr_FR\" \/>\n<meta property=\"og:type\" content=\"article\" \/>\n<meta property=\"og:title\" content=\"En 2025, le Conseil des EPF a nomm\u00e9 pour la premi\u00e8re fois plus de femmes que d\u2019hommes au sein du corps professoral - Conseil des EPF\" \/>\n<meta property=\"og:description\" content=\"Le Conseil des EPF a pris acte avec satisfaction du fait que plus de la moiti\u00e9 des nouvelles nominations de professeurs en 2025 concernent des femmes. Les deux EPF sont donc en bonne voie pour atteindre l\u2019objectif d\u2019augmenter \u00e0 long terme la proportion de femmes professeures.\" \/>\n<meta property=\"og:url\" content=\"https:\/\/ethrat.ch\/fr\/en-2025-le-conseil-des-epf-a-nomme-pour-la-premiere-fois-plus-de-femmes-que-dhommes-au-sein-du-corps-professoral\/\" \/>\n<meta property=\"og:site_name\" content=\"Conseil des EPF\" \/>\n<meta property=\"article:published_time\" content=\"2025-12-04T15:26:16+00:00\" \/>\n<meta property=\"article:modified_time\" content=\"2025-12-04T15:32:25+00:00\" \/>\n<meta name=\"author\" content=\"Pierre-Pascal Baumann\" \/>\n<meta name=\"twitter:card\" content=\"summary_large_image\" \/>\n<meta name=\"twitter:creator\" content=\"@eth_rat\" \/>\n<meta name=\"twitter:site\" content=\"@eth_rat\" \/>\n<meta name=\"twitter:label1\" content=\"\u00c9crit par\" \/>\n\t<meta name=\"twitter:data1\" content=\"Pierre-Pascal Baumann\" \/>\n\t<meta name=\"twitter:label2\" content=\"Dur\u00e9e de lecture estim\u00e9e\" \/>\n\t<meta name=\"twitter:data2\" content=\"5 minutes\" \/>\n<script type=\"application\/ld+json\" class=\"yoast-schema-graph\">{\"@context\":\"https:\\\/\\\/schema.org\",\"@graph\":[{\"@type\":\"Article\",\"@id\":\"https:\\\/\\\/ethrat.ch\\\/fr\\\/en-2025-le-conseil-des-epf-a-nomme-pour-la-premiere-fois-plus-de-femmes-que-dhommes-au-sein-du-corps-professoral\\\/#article\",\"isPartOf\":{\"@id\":\"https:\\\/\\\/ethrat.ch\\\/fr\\\/en-2025-le-conseil-des-epf-a-nomme-pour-la-premiere-fois-plus-de-femmes-que-dhommes-au-sein-du-corps-professoral\\\/\"},\"author\":{\"name\":\"Pierre-Pascal Baumann\",\"@id\":\"https:\\\/\\\/ethrat.ch\\\/de\\\/#\\\/schema\\\/person\\\/d9fefa0b5f78d403e1eadfd72e6d54b5\"},\"headline\":\"En 2025, le Conseil des EPF a nomm\u00e9 pour la premi\u00e8re fois plus de femmes que d\u2019hommes au sein du corps professoral\",\"datePublished\":\"2025-12-04T15:26:16+00:00\",\"dateModified\":\"2025-12-04T15:32:25+00:00\",\"mainEntityOfPage\":{\"@id\":\"https:\\\/\\\/ethrat.ch\\\/fr\\\/en-2025-le-conseil-des-epf-a-nomme-pour-la-premiere-fois-plus-de-femmes-que-dhommes-au-sein-du-corps-professoral\\\/\"},\"wordCount\":859,\"publisher\":{\"@id\":\"https:\\\/\\\/ethrat.ch\\\/de\\\/#organization\"},\"articleSection\":[\"Communiqu\u00e9 de presse\"],\"inLanguage\":\"fr-FR\"},{\"@type\":\"WebPage\",\"@id\":\"https:\\\/\\\/ethrat.ch\\\/fr\\\/en-2025-le-conseil-des-epf-a-nomme-pour-la-premiere-fois-plus-de-femmes-que-dhommes-au-sein-du-corps-professoral\\\/\",\"url\":\"https:\\\/\\\/ethrat.ch\\\/fr\\\/en-2025-le-conseil-des-epf-a-nomme-pour-la-premiere-fois-plus-de-femmes-que-dhommes-au-sein-du-corps-professoral\\\/\",\"name\":\"En 2025, le Conseil des EPF a nomm\u00e9 pour la premi\u00e8re fois plus de femmes que d\u2019hommes au sein du corps professoral - Conseil des EPF\",\"isPartOf\":{\"@id\":\"https:\\\/\\\/ethrat.ch\\\/de\\\/#website\"},\"datePublished\":\"2025-12-04T15:26:16+00:00\",\"dateModified\":\"2025-12-04T15:32:25+00:00\",\"breadcrumb\":{\"@id\":\"https:\\\/\\\/ethrat.ch\\\/fr\\\/en-2025-le-conseil-des-epf-a-nomme-pour-la-premiere-fois-plus-de-femmes-que-dhommes-au-sein-du-corps-professoral\\\/#breadcrumb\"},\"inLanguage\":\"fr-FR\",\"potentialAction\":[{\"@type\":\"ReadAction\",\"target\":[\"https:\\\/\\\/ethrat.ch\\\/fr\\\/en-2025-le-conseil-des-epf-a-nomme-pour-la-premiere-fois-plus-de-femmes-que-dhommes-au-sein-du-corps-professoral\\\/\"]}]},{\"@type\":\"BreadcrumbList\",\"@id\":\"https:\\\/\\\/ethrat.ch\\\/fr\\\/en-2025-le-conseil-des-epf-a-nomme-pour-la-premiere-fois-plus-de-femmes-que-dhommes-au-sein-du-corps-professoral\\\/#breadcrumb\",\"itemListElement\":[{\"@type\":\"ListItem\",\"position\":1,\"name\":\"Home\",\"item\":\"https:\\\/\\\/ethrat.ch\\\/fr\\\/\"},{\"@type\":\"ListItem\",\"position\":2,\"name\":\"En 2025, le Conseil des EPF a nomm\u00e9 pour la premi\u00e8re fois plus de femmes que d\u2019hommes au sein du corps professoral\"}]},{\"@type\":\"WebSite\",\"@id\":\"https:\\\/\\\/ethrat.ch\\\/de\\\/#website\",\"url\":\"https:\\\/\\\/ethrat.ch\\\/de\\\/\",\"name\":\"ETH-Rat\",\"description\":\"\",\"publisher\":{\"@id\":\"https:\\\/\\\/ethrat.ch\\\/de\\\/#organization\"},\"potentialAction\":[{\"@type\":\"SearchAction\",\"target\":{\"@type\":\"EntryPoint\",\"urlTemplate\":\"https:\\\/\\\/ethrat.ch\\\/de\\\/?s={search_term_string}\"},\"query-input\":{\"@type\":\"PropertyValueSpecification\",\"valueRequired\":true,\"valueName\":\"search_term_string\"}}],\"inLanguage\":\"fr-FR\"},{\"@type\":\"Organization\",\"@id\":\"https:\\\/\\\/ethrat.ch\\\/de\\\/#organization\",\"name\":\"ETH-Rat\",\"url\":\"https:\\\/\\\/ethrat.ch\\\/de\\\/\",\"logo\":{\"@type\":\"ImageObject\",\"inLanguage\":\"fr-FR\",\"@id\":\"https:\\\/\\\/ethrat.ch\\\/de\\\/#\\\/schema\\\/logo\\\/image\\\/\",\"url\":\"https:\\\/\\\/ethrat.ch\\\/wp-content\\\/uploads\\\/2024\\\/04\\\/logo-white.svg\",\"contentUrl\":\"https:\\\/\\\/ethrat.ch\\\/wp-content\\\/uploads\\\/2024\\\/04\\\/logo-white.svg\",\"width\":283,\"height\":81,\"caption\":\"ETH-Rat\"},\"image\":{\"@id\":\"https:\\\/\\\/ethrat.ch\\\/de\\\/#\\\/schema\\\/logo\\\/image\\\/\"},\"sameAs\":[\"https:\\\/\\\/x.com\\\/eth_rat\",\"https:\\\/\\\/issuu.com\\\/ethrat\",\"https:\\\/\\\/www.linkedin.com\\\/company\\\/eth-rat\\\/\"]},{\"@type\":\"Person\",\"@id\":\"https:\\\/\\\/ethrat.ch\\\/de\\\/#\\\/schema\\\/person\\\/d9fefa0b5f78d403e1eadfd72e6d54b5\",\"name\":\"Pierre-Pascal Baumann\",\"image\":{\"@type\":\"ImageObject\",\"inLanguage\":\"fr-FR\",\"@id\":\"https:\\\/\\\/secure.gravatar.com\\\/avatar\\\/57f0ceca7019f472e31528a35525a6a509d37fccce88e802954ae2b81a61d08b?s=96&d=mm&r=g\",\"url\":\"https:\\\/\\\/secure.gravatar.com\\\/avatar\\\/57f0ceca7019f472e31528a35525a6a509d37fccce88e802954ae2b81a61d08b?s=96&d=mm&r=g\",\"contentUrl\":\"https:\\\/\\\/secure.gravatar.com\\\/avatar\\\/57f0ceca7019f472e31528a35525a6a509d37fccce88e802954ae2b81a61d08b?s=96&d=mm&r=g\",\"caption\":\"Pierre-Pascal Baumann\"},\"url\":\"https:\\\/\\\/ethrat.ch\\\/fr\\\/author\\\/pierre-baumannethrat-ch\\\/\"}]}<\/script>\n<!-- \/ Yoast SEO plugin. -->","yoast_head_json":{"title":"En 2025, le Conseil des EPF a nomm\u00e9 pour la premi\u00e8re fois plus de femmes que d\u2019hommes au sein du corps professoral - Conseil des EPF","robots":{"index":"index","follow":"follow","max-snippet":"max-snippet:-1","max-image-preview":"max-image-preview:large","max-video-preview":"max-video-preview:-1"},"canonical":"https:\/\/ethrat.ch\/fr\/en-2025-le-conseil-des-epf-a-nomme-pour-la-premiere-fois-plus-de-femmes-que-dhommes-au-sein-du-corps-professoral\/","og_locale":"fr_FR","og_type":"article","og_title":"En 2025, le Conseil des EPF a nomm\u00e9 pour la premi\u00e8re fois plus de femmes que d\u2019hommes au sein du corps professoral - Conseil des EPF","og_description":"Le Conseil des EPF a pris acte avec satisfaction du fait que plus de la moiti\u00e9 des nouvelles nominations de professeurs en 2025 concernent des femmes. Les deux EPF sont donc en bonne voie pour atteindre l\u2019objectif d\u2019augmenter \u00e0 long terme la proportion de femmes professeures.","og_url":"https:\/\/ethrat.ch\/fr\/en-2025-le-conseil-des-epf-a-nomme-pour-la-premiere-fois-plus-de-femmes-que-dhommes-au-sein-du-corps-professoral\/","og_site_name":"Conseil des EPF","article_published_time":"2025-12-04T15:26:16+00:00","article_modified_time":"2025-12-04T15:32:25+00:00","author":"Pierre-Pascal Baumann","twitter_card":"summary_large_image","twitter_creator":"@eth_rat","twitter_site":"@eth_rat","twitter_misc":{"\u00c9crit par":"Pierre-Pascal Baumann","Dur\u00e9e de lecture estim\u00e9e":"5 minutes"},"schema":{"@context":"https:\/\/schema.org","@graph":[{"@type":"Article","@id":"https:\/\/ethrat.ch\/fr\/en-2025-le-conseil-des-epf-a-nomme-pour-la-premiere-fois-plus-de-femmes-que-dhommes-au-sein-du-corps-professoral\/#article","isPartOf":{"@id":"https:\/\/ethrat.ch\/fr\/en-2025-le-conseil-des-epf-a-nomme-pour-la-premiere-fois-plus-de-femmes-que-dhommes-au-sein-du-corps-professoral\/"},"author":{"name":"Pierre-Pascal Baumann","@id":"https:\/\/ethrat.ch\/de\/#\/schema\/person\/d9fefa0b5f78d403e1eadfd72e6d54b5"},"headline":"En 2025, le Conseil des EPF a nomm\u00e9 pour la premi\u00e8re fois plus de femmes que d\u2019hommes au sein du corps professoral","datePublished":"2025-12-04T15:26:16+00:00","dateModified":"2025-12-04T15:32:25+00:00","mainEntityOfPage":{"@id":"https:\/\/ethrat.ch\/fr\/en-2025-le-conseil-des-epf-a-nomme-pour-la-premiere-fois-plus-de-femmes-que-dhommes-au-sein-du-corps-professoral\/"},"wordCount":859,"publisher":{"@id":"https:\/\/ethrat.ch\/de\/#organization"},"articleSection":["Communiqu\u00e9 de presse"],"inLanguage":"fr-FR"},{"@type":"WebPage","@id":"https:\/\/ethrat.ch\/fr\/en-2025-le-conseil-des-epf-a-nomme-pour-la-premiere-fois-plus-de-femmes-que-dhommes-au-sein-du-corps-professoral\/","url":"https:\/\/ethrat.ch\/fr\/en-2025-le-conseil-des-epf-a-nomme-pour-la-premiere-fois-plus-de-femmes-que-dhommes-au-sein-du-corps-professoral\/","name":"En 2025, le Conseil des EPF a nomm\u00e9 pour la premi\u00e8re fois plus de femmes que d\u2019hommes au sein du corps professoral - Conseil des EPF","isPartOf":{"@id":"https:\/\/ethrat.ch\/de\/#website"},"datePublished":"2025-12-04T15:26:16+00:00","dateModified":"2025-12-04T15:32:25+00:00","breadcrumb":{"@id":"https:\/\/ethrat.ch\/fr\/en-2025-le-conseil-des-epf-a-nomme-pour-la-premiere-fois-plus-de-femmes-que-dhommes-au-sein-du-corps-professoral\/#breadcrumb"},"inLanguage":"fr-FR","potentialAction":[{"@type":"ReadAction","target":["https:\/\/ethrat.ch\/fr\/en-2025-le-conseil-des-epf-a-nomme-pour-la-premiere-fois-plus-de-femmes-que-dhommes-au-sein-du-corps-professoral\/"]}]},{"@type":"BreadcrumbList","@id":"https:\/\/ethrat.ch\/fr\/en-2025-le-conseil-des-epf-a-nomme-pour-la-premiere-fois-plus-de-femmes-que-dhommes-au-sein-du-corps-professoral\/#breadcrumb","itemListElement":[{"@type":"ListItem","position":1,"name":"Home","item":"https:\/\/ethrat.ch\/fr\/"},{"@type":"ListItem","position":2,"name":"En 2025, le Conseil des EPF a nomm\u00e9 pour la premi\u00e8re fois plus de femmes que d\u2019hommes au sein du corps professoral"}]},{"@type":"WebSite","@id":"https:\/\/ethrat.ch\/de\/#website","url":"https:\/\/ethrat.ch\/de\/","name":"ETH-Rat","description":"","publisher":{"@id":"https:\/\/ethrat.ch\/de\/#organization"},"potentialAction":[{"@type":"SearchAction","target":{"@type":"EntryPoint","urlTemplate":"https:\/\/ethrat.ch\/de\/?s={search_term_string}"},"query-input":{"@type":"PropertyValueSpecification","valueRequired":true,"valueName":"search_term_string"}}],"inLanguage":"fr-FR"},{"@type":"Organization","@id":"https:\/\/ethrat.ch\/de\/#organization","name":"ETH-Rat","url":"https:\/\/ethrat.ch\/de\/","logo":{"@type":"ImageObject","inLanguage":"fr-FR","@id":"https:\/\/ethrat.ch\/de\/#\/schema\/logo\/image\/","url":"https:\/\/ethrat.ch\/wp-content\/uploads\/2024\/04\/logo-white.svg","contentUrl":"https:\/\/ethrat.ch\/wp-content\/uploads\/2024\/04\/logo-white.svg","width":283,"height":81,"caption":"ETH-Rat"},"image":{"@id":"https:\/\/ethrat.ch\/de\/#\/schema\/logo\/image\/"},"sameAs":["https:\/\/x.com\/eth_rat","https:\/\/issuu.com\/ethrat","https:\/\/www.linkedin.com\/company\/eth-rat\/"]},{"@type":"Person","@id":"https:\/\/ethrat.ch\/de\/#\/schema\/person\/d9fefa0b5f78d403e1eadfd72e6d54b5","name":"Pierre-Pascal Baumann","image":{"@type":"ImageObject","inLanguage":"fr-FR","@id":"https:\/\/secure.gravatar.com\/avatar\/57f0ceca7019f472e31528a35525a6a509d37fccce88e802954ae2b81a61d08b?s=96&d=mm&r=g","url":"https:\/\/secure.gravatar.com\/avatar\/57f0ceca7019f472e31528a35525a6a509d37fccce88e802954ae2b81a61d08b?s=96&d=mm&r=g","contentUrl":"https:\/\/secure.gravatar.com\/avatar\/57f0ceca7019f472e31528a35525a6a509d37fccce88e802954ae2b81a61d08b?s=96&d=mm&r=g","caption":"Pierre-Pascal Baumann"},"url":"https:\/\/ethrat.ch\/fr\/author\/pierre-baumannethrat-ch\/"}]}},"_links":{"self":[{"href":"https:\/\/ethrat.ch\/fr\/wp-json\/wp\/v2\/posts\/56678","targetHints":{"allow":["GET"]}}],"collection":[{"href":"https:\/\/ethrat.ch\/fr\/wp-json\/wp\/v2\/posts"}],"about":[{"href":"https:\/\/ethrat.ch\/fr\/wp-json\/wp\/v2\/types\/post"}],"author":[{"embeddable":true,"href":"https:\/\/ethrat.ch\/fr\/wp-json\/wp\/v2\/users\/11"}],"replies":[{"embeddable":true,"href":"https:\/\/ethrat.ch\/fr\/wp-json\/wp\/v2\/comments?post=56678"}],"version-history":[{"count":0,"href":"https:\/\/ethrat.ch\/fr\/wp-json\/wp\/v2\/posts\/56678\/revisions"}],"wp:attachment":[{"href":"https:\/\/ethrat.ch\/fr\/wp-json\/wp\/v2\/media?parent=56678"}],"wp:term":[{"taxonomy":"category","embeddable":true,"href":"https:\/\/ethrat.ch\/fr\/wp-json\/wp\/v2\/categories?post=56678"},{"taxonomy":"post_tag","embeddable":true,"href":"https:\/\/ethrat.ch\/fr\/wp-json\/wp\/v2\/tags?post=56678"},{"taxonomy":"search-tag","embeddable":true,"href":"https:\/\/ethrat.ch\/fr\/wp-json\/wp\/v2\/search-tag?post=56678"}],"curies":[{"name":"wp","href":"https:\/\/api.w.org\/{rel}","templated":true}]}}