{"id":39777,"date":"2023-09-21T15:57:33","date_gmt":"2023-09-21T13:57:33","guid":{"rendered":"https:\/\/ethrat.ch\/?p=39777"},"modified":"2023-10-02T11:15:01","modified_gmt":"2023-10-02T09:15:01","slug":"message-fri-2025-2028-financement-insuffisant-pour-le-domaine-des-epf","status":"publish","type":"post","link":"https:\/\/ethrat.ch\/fr\/message-fri-2025-2028-financement-insuffisant-pour-le-domaine-des-epf\/","title":{"rendered":"Message FRI 2025\u20132028: financement insuffisant pour le Domaine des EPF"},"content":{"rendered":"<h4>Budget 2024 et Message FRI 2025\u20132028: n\u00e9cessit\u00e9 de proc\u00e9der \u00e0 des ajustements<\/h4>\n<p>La prosp\u00e9rit\u00e9 et la r\u00e9ussite de la Suisse reposent sur l\u2019excellence de notre syst\u00e8me de formation ainsi que sur la solidit\u00e9 de notre p\u00f4le de recherche et d\u2019innovation. Le Domaine des EPF joue un r\u00f4le central \u00e0 cet \u00e9gard. Le Conseil des EPF est formel: une croissance annuelle r\u00e9elle de 2,5% dans le Message FRI 2025\u20132028 est n\u00e9cessaire pour que le Domaine des EPF soit en mesure, d\u2019une part, de continuer \u00e0 accomplir ses t\u00e2ches multiples au profit de l\u2019\u00e9conomie et de la soci\u00e9t\u00e9 suisses et, d\u2019autre part, de fournir des solutions globales qui aideront notre pays \u00e0 relever les d\u00e9fis \u00e0 venir, tels que la transition \u00e9nerg\u00e9tique, la num\u00e9risation ou la cybers\u00e9curit\u00e9.<\/p>\n<p>Pourtant, le projet de Message FRI ne pr\u00e9voit qu\u2019une croissance nominale de 1,6% par an. Au vu des pr\u00e9visions de rench\u00e9rissement, on peut craindre une croissance r\u00e9elle nulle, voire n\u00e9gative. Pareille situation porte pr\u00e9judice non seulement au Domaine des EPF, mais aussi \u00e0 l\u2019ensemble de l\u2019\u00e9conomie et du secteur de l\u2019innovation. La Suisse pourrait d\u00e8s lors perdre la longueur d\u2019avance qu\u2019elle avait sur d\u2019autres Etats, d\u2019autant que le Domaine des EPF risque de voir son budget reculer de plus de 80 mio CHF par an \u00e0 partir de 2024 en raison des mesures d\u2019\u00e9conomie d\u00e9cid\u00e9es par le Conseil f\u00e9d\u00e9ral. Les coupes budg\u00e9taires de 2024 auront des r\u00e9percussions financi\u00e8res sur l\u2019ensemble de la p\u00e9riode FRI 2025\u20132028 puisque 2024 sert d\u2019ann\u00e9e de r\u00e9f\u00e9rence pour le calcul de la croissance des ressources dans le message FRI.<\/p>\n<h4>Intelligence artificielle: n\u00e9cessit\u00e9 de lancer une initiative \u00e0 l\u2019\u00e9chelle nationale<\/h4>\n<p>Dans sa <span style=\"text-decoration: underline; color: #3366ff;\"><a style=\"color: #3366ff; text-decoration: underline;\" href=\"https:\/\/ethrat.ch\/fr\/message-fri-2025-2028-prise-de-position-du-conseil-des-epf\/\" target=\"_blank\" rel=\"noopener\">prise de position<\/a><\/span> sur le Message FRI 2025\u20132028, le Conseil des EPF rel\u00e8ve par ailleurs la n\u00e9cessit\u00e9 de regrouper les forces pr\u00e9sentes dans le pays en mati\u00e8re d\u2019intelligence artificielle (AI) et de mettre \u00e0 disposition les infrastructures n\u00e9cessaires aux activit\u00e9s de recherche, d\u2019enseignement ainsi que de transfert de savoir et de technologie, ce qui devrait permettre \u00e0 la Suisse de renforcer sa comp\u00e9titivit\u00e9 et de maintenir son rang en recherche et faire profiter la soci\u00e9t\u00e9 et l\u2019\u00e9conomie dans ce domaine. Le Conseil des EPF propose au Conseil f\u00e9d\u00e9ral d\u2019\u00e9laborer un message sp\u00e9cial consacr\u00e9 \u00e0 l\u2019IA et de pr\u00e9voir les ressources n\u00e9cessaires afin que les acteurs du paysage suisse des hautes \u00e9coles et de la recherche puissent entreprendre sans plus attendre les travaux indispensables \u00e0 ce sujet en collaboration avec l\u2019\u00e9conomie et la soci\u00e9t\u00e9. Le Domaine des EPF est dispos\u00e9 et pr\u00eat \u00e0 contribuer activement \u00e0 une telle initiative de grande envergure.<\/p>\n<h4>Le Conseil des EPF entame la proc\u00e9dure en vue de la nomination d\u2019une nouvelle directrice ou d\u2019un nouveau directeur du WSL<\/h4>\n<p>Sur proposition du Conseil des EPF, le Conseil f\u00e9d\u00e9ral a nomm\u00e9 Beate Jessel \u00e0 la direction du WSL le 4\u00a0juin 2021. Beate Jessel a quitt\u00e9 ses fonctions le 31\u00a0juillet 2023 et se consacre depuis \u00e0 ses activit\u00e9s en tant que professeure de d\u00e9veloppement du paysage \u00e0 l\u2019EPFL. Le Conseil des EPF a donc lanc\u00e9 la phase pr\u00e9paratoire qui permettra de d\u00e9signer sa succession et institu\u00e9 une commission pr\u00e9paratoire \u00e0 cette fin. Le poste sera mis au concours en Suisse et \u00e0 l\u2019\u00e9tranger. Le Conseil des EPF pr\u00e9voit de soumettre une proposition de nomination au Conseil f\u00e9d\u00e9ral d\u2019ici au second semestre 2024.<\/p>\n<h4>Le Conseil des EPF nomme Anita Risch en tant que membre de la direction du WSL<\/h4>\n<p>Sur proposition de l\u2019<em>acting director<\/em> du WSL, Christoph Hegg, le Conseil des EPF a nomm\u00e9 Anita\u00a0Risch au sein de la direction du WSL. Anita Risch est une \u00e9minente chercheuse sp\u00e9cialiste de la biodiversit\u00e9. Elle b\u00e9n\u00e9ficie d\u2019un vaste r\u00e9seau, aussi bien en Suisse qu\u2019\u00e0 l&rsquo;\u00e9tranger. Ecologiste et privat-docent \u00e0 l\u2019ETH\u00a0Zurich, elle explore les interactions et modes de fonctionnement entre les mondes animal et v\u00e9g\u00e9tal ainsi que la faune du sol et les \u00e9cosyst\u00e8mes. Avec la nomination d\u2019Anita Risch qui prendra effet le 1er\u00a0octobre 2023, la direction du WSL se composera de trois femmes et trois hommes.<\/p>\n<h4>Le Conseil des EPF nomme Sara Marks en tant que membre de la direction de l\u2019Eawag<\/h4>\n<p>Sur proposition du directeur de l\u2019Eawag, le prof.\u00a0Martin Ackermann, le Conseil des EPF a nomm\u00e9 Sara Marks au sein de la direction de l\u2019Eawag. Sara Marks est une sp\u00e9cialiste de l\u2019application des r\u00e9sultats de recherche dans la pratique. Gr\u00e2ce \u00e0 sa formation \u00e0 l\u2019Universit\u00e9 Stanford, \u00e0 ses travaux de recherche \u00e0 l\u2019Universit\u00e9 Johns-Hopkins et aux projets qu\u2019elle a dirig\u00e9s dans onze pays diff\u00e9rents, elle saura \u00e9largir la perspective mondiale de la direction de l\u2019Eawag. Avec la nomination de Sara Marks qui prendra effet le 1er\u00a0novembre 2023, la direction de l\u2019Eawag se composera de trois femmes et quatre hommes.<\/p>\n","protected":false},"excerpt":{"rendered":"<p>Le Domaine des EPF a besoin d\u2019un financement f\u00e9d\u00e9ral suffisant et stable pour exercer son r\u00f4le de moteur de l\u2019innovation en Suisse et former la main-d&rsquo;\u0153uvre sp\u00e9cialis\u00e9e qui fait cruellement d\u00e9faut.<\/p>\n","protected":false},"author":11,"featured_media":0,"comment_status":"closed","ping_status":"closed","sticky":false,"template":"","format":"standard","meta":{"_acf_changed":false,"footnotes":"","_links_to":"","_links_to_target":""},"categories":[265],"tags":[],"search-tag":[],"class_list":["post-39777","post","type-post","status-publish","format-standard","hentry","category-communique-de-presse"],"acf":[],"yoast_head":"<!-- This site is optimized with the Yoast SEO plugin v27.3 - https:\/\/yoast.com\/product\/yoast-seo-wordpress\/ -->\n<title>Message FRI 2025\u20132028: financement insuffisant pour le Domaine des EPF - Conseil des EPF<\/title>\n<meta name=\"robots\" content=\"index, follow, max-snippet:-1, max-image-preview:large, max-video-preview:-1\" \/>\n<link rel=\"canonical\" href=\"https:\/\/ethrat.ch\/fr\/message-fri-2025-2028-financement-insuffisant-pour-le-domaine-des-epf\/\" \/>\n<meta property=\"og:locale\" content=\"fr_FR\" \/>\n<meta property=\"og:type\" content=\"article\" \/>\n<meta property=\"og:title\" content=\"Message FRI 2025\u20132028: financement insuffisant pour le Domaine des EPF - Conseil des EPF\" \/>\n<meta property=\"og:description\" content=\"Le Domaine des EPF a besoin d\u2019un financement f\u00e9d\u00e9ral suffisant et stable pour exercer son r\u00f4le de moteur de l\u2019innovation en Suisse et former la main-d&#039;\u0153uvre sp\u00e9cialis\u00e9e qui fait cruellement d\u00e9faut.\" \/>\n<meta property=\"og:url\" content=\"https:\/\/ethrat.ch\/fr\/message-fri-2025-2028-financement-insuffisant-pour-le-domaine-des-epf\/\" \/>\n<meta property=\"og:site_name\" content=\"Conseil des EPF\" \/>\n<meta property=\"article:published_time\" content=\"2023-09-21T13:57:33+00:00\" \/>\n<meta property=\"article:modified_time\" content=\"2023-10-02T09:15:01+00:00\" \/>\n<meta name=\"author\" content=\"Pierre-Pascal Baumann\" \/>\n<meta name=\"twitter:card\" content=\"summary_large_image\" \/>\n<meta name=\"twitter:creator\" content=\"@eth_rat\" \/>\n<meta name=\"twitter:site\" content=\"@eth_rat\" \/>\n<meta name=\"twitter:label1\" content=\"\u00c9crit par\" \/>\n\t<meta name=\"twitter:data1\" content=\"Pierre-Pascal Baumann\" \/>\n\t<meta name=\"twitter:label2\" content=\"Dur\u00e9e de lecture estim\u00e9e\" \/>\n\t<meta name=\"twitter:data2\" content=\"4 minutes\" \/>\n<script type=\"application\/ld+json\" class=\"yoast-schema-graph\">{\"@context\":\"https:\\\/\\\/schema.org\",\"@graph\":[{\"@type\":\"Article\",\"@id\":\"https:\\\/\\\/ethrat.ch\\\/fr\\\/message-fri-2025-2028-financement-insuffisant-pour-le-domaine-des-epf\\\/#article\",\"isPartOf\":{\"@id\":\"https:\\\/\\\/ethrat.ch\\\/fr\\\/message-fri-2025-2028-financement-insuffisant-pour-le-domaine-des-epf\\\/\"},\"author\":{\"name\":\"Pierre-Pascal Baumann\",\"@id\":\"https:\\\/\\\/ethrat.ch\\\/de\\\/#\\\/schema\\\/person\\\/d9fefa0b5f78d403e1eadfd72e6d54b5\"},\"headline\":\"Message FRI 2025\u20132028: financement insuffisant pour le Domaine des EPF\",\"datePublished\":\"2023-09-21T13:57:33+00:00\",\"dateModified\":\"2023-10-02T09:15:01+00:00\",\"mainEntityOfPage\":{\"@id\":\"https:\\\/\\\/ethrat.ch\\\/fr\\\/message-fri-2025-2028-financement-insuffisant-pour-le-domaine-des-epf\\\/\"},\"wordCount\":856,\"publisher\":{\"@id\":\"https:\\\/\\\/ethrat.ch\\\/de\\\/#organization\"},\"articleSection\":[\"Communiqu\u00e9 de presse\"],\"inLanguage\":\"fr-FR\"},{\"@type\":\"WebPage\",\"@id\":\"https:\\\/\\\/ethrat.ch\\\/fr\\\/message-fri-2025-2028-financement-insuffisant-pour-le-domaine-des-epf\\\/\",\"url\":\"https:\\\/\\\/ethrat.ch\\\/fr\\\/message-fri-2025-2028-financement-insuffisant-pour-le-domaine-des-epf\\\/\",\"name\":\"Message FRI 2025\u20132028: financement insuffisant pour le Domaine des EPF - Conseil des EPF\",\"isPartOf\":{\"@id\":\"https:\\\/\\\/ethrat.ch\\\/de\\\/#website\"},\"datePublished\":\"2023-09-21T13:57:33+00:00\",\"dateModified\":\"2023-10-02T09:15:01+00:00\",\"breadcrumb\":{\"@id\":\"https:\\\/\\\/ethrat.ch\\\/fr\\\/message-fri-2025-2028-financement-insuffisant-pour-le-domaine-des-epf\\\/#breadcrumb\"},\"inLanguage\":\"fr-FR\",\"potentialAction\":[{\"@type\":\"ReadAction\",\"target\":[\"https:\\\/\\\/ethrat.ch\\\/fr\\\/message-fri-2025-2028-financement-insuffisant-pour-le-domaine-des-epf\\\/\"]}]},{\"@type\":\"BreadcrumbList\",\"@id\":\"https:\\\/\\\/ethrat.ch\\\/fr\\\/message-fri-2025-2028-financement-insuffisant-pour-le-domaine-des-epf\\\/#breadcrumb\",\"itemListElement\":[{\"@type\":\"ListItem\",\"position\":1,\"name\":\"Home\",\"item\":\"https:\\\/\\\/ethrat.ch\\\/fr\\\/\"},{\"@type\":\"ListItem\",\"position\":2,\"name\":\"Message FRI 2025\u20132028: financement insuffisant pour le Domaine des EPF\"}]},{\"@type\":\"WebSite\",\"@id\":\"https:\\\/\\\/ethrat.ch\\\/de\\\/#website\",\"url\":\"https:\\\/\\\/ethrat.ch\\\/de\\\/\",\"name\":\"ETH-Rat\",\"description\":\"\",\"publisher\":{\"@id\":\"https:\\\/\\\/ethrat.ch\\\/de\\\/#organization\"},\"potentialAction\":[{\"@type\":\"SearchAction\",\"target\":{\"@type\":\"EntryPoint\",\"urlTemplate\":\"https:\\\/\\\/ethrat.ch\\\/de\\\/?s={search_term_string}\"},\"query-input\":{\"@type\":\"PropertyValueSpecification\",\"valueRequired\":true,\"valueName\":\"search_term_string\"}}],\"inLanguage\":\"fr-FR\"},{\"@type\":\"Organization\",\"@id\":\"https:\\\/\\\/ethrat.ch\\\/de\\\/#organization\",\"name\":\"ETH-Rat\",\"url\":\"https:\\\/\\\/ethrat.ch\\\/de\\\/\",\"logo\":{\"@type\":\"ImageObject\",\"inLanguage\":\"fr-FR\",\"@id\":\"https:\\\/\\\/ethrat.ch\\\/de\\\/#\\\/schema\\\/logo\\\/image\\\/\",\"url\":\"https:\\\/\\\/ethrat.ch\\\/wp-content\\\/uploads\\\/2024\\\/04\\\/logo-white.svg\",\"contentUrl\":\"https:\\\/\\\/ethrat.ch\\\/wp-content\\\/uploads\\\/2024\\\/04\\\/logo-white.svg\",\"width\":283,\"height\":81,\"caption\":\"ETH-Rat\"},\"image\":{\"@id\":\"https:\\\/\\\/ethrat.ch\\\/de\\\/#\\\/schema\\\/logo\\\/image\\\/\"},\"sameAs\":[\"https:\\\/\\\/x.com\\\/eth_rat\",\"https:\\\/\\\/issuu.com\\\/ethrat\",\"https:\\\/\\\/www.linkedin.com\\\/company\\\/eth-rat\\\/\"]},{\"@type\":\"Person\",\"@id\":\"https:\\\/\\\/ethrat.ch\\\/de\\\/#\\\/schema\\\/person\\\/d9fefa0b5f78d403e1eadfd72e6d54b5\",\"name\":\"Pierre-Pascal Baumann\",\"image\":{\"@type\":\"ImageObject\",\"inLanguage\":\"fr-FR\",\"@id\":\"https:\\\/\\\/secure.gravatar.com\\\/avatar\\\/57f0ceca7019f472e31528a35525a6a509d37fccce88e802954ae2b81a61d08b?s=96&d=mm&r=g\",\"url\":\"https:\\\/\\\/secure.gravatar.com\\\/avatar\\\/57f0ceca7019f472e31528a35525a6a509d37fccce88e802954ae2b81a61d08b?s=96&d=mm&r=g\",\"contentUrl\":\"https:\\\/\\\/secure.gravatar.com\\\/avatar\\\/57f0ceca7019f472e31528a35525a6a509d37fccce88e802954ae2b81a61d08b?s=96&d=mm&r=g\",\"caption\":\"Pierre-Pascal Baumann\"},\"url\":\"https:\\\/\\\/ethrat.ch\\\/fr\\\/author\\\/pierre-baumannethrat-ch\\\/\"}]}<\/script>\n<!-- \/ Yoast SEO plugin. -->","yoast_head_json":{"title":"Message FRI 2025\u20132028: financement insuffisant pour le Domaine des EPF - Conseil des EPF","robots":{"index":"index","follow":"follow","max-snippet":"max-snippet:-1","max-image-preview":"max-image-preview:large","max-video-preview":"max-video-preview:-1"},"canonical":"https:\/\/ethrat.ch\/fr\/message-fri-2025-2028-financement-insuffisant-pour-le-domaine-des-epf\/","og_locale":"fr_FR","og_type":"article","og_title":"Message FRI 2025\u20132028: financement insuffisant pour le Domaine des EPF - Conseil des EPF","og_description":"Le Domaine des EPF a besoin d\u2019un financement f\u00e9d\u00e9ral suffisant et stable pour exercer son r\u00f4le de moteur de l\u2019innovation en Suisse et former la main-d'\u0153uvre sp\u00e9cialis\u00e9e qui fait cruellement d\u00e9faut.","og_url":"https:\/\/ethrat.ch\/fr\/message-fri-2025-2028-financement-insuffisant-pour-le-domaine-des-epf\/","og_site_name":"Conseil des EPF","article_published_time":"2023-09-21T13:57:33+00:00","article_modified_time":"2023-10-02T09:15:01+00:00","author":"Pierre-Pascal Baumann","twitter_card":"summary_large_image","twitter_creator":"@eth_rat","twitter_site":"@eth_rat","twitter_misc":{"\u00c9crit par":"Pierre-Pascal Baumann","Dur\u00e9e de lecture estim\u00e9e":"4 minutes"},"schema":{"@context":"https:\/\/schema.org","@graph":[{"@type":"Article","@id":"https:\/\/ethrat.ch\/fr\/message-fri-2025-2028-financement-insuffisant-pour-le-domaine-des-epf\/#article","isPartOf":{"@id":"https:\/\/ethrat.ch\/fr\/message-fri-2025-2028-financement-insuffisant-pour-le-domaine-des-epf\/"},"author":{"name":"Pierre-Pascal Baumann","@id":"https:\/\/ethrat.ch\/de\/#\/schema\/person\/d9fefa0b5f78d403e1eadfd72e6d54b5"},"headline":"Message FRI 2025\u20132028: financement insuffisant pour le Domaine des EPF","datePublished":"2023-09-21T13:57:33+00:00","dateModified":"2023-10-02T09:15:01+00:00","mainEntityOfPage":{"@id":"https:\/\/ethrat.ch\/fr\/message-fri-2025-2028-financement-insuffisant-pour-le-domaine-des-epf\/"},"wordCount":856,"publisher":{"@id":"https:\/\/ethrat.ch\/de\/#organization"},"articleSection":["Communiqu\u00e9 de presse"],"inLanguage":"fr-FR"},{"@type":"WebPage","@id":"https:\/\/ethrat.ch\/fr\/message-fri-2025-2028-financement-insuffisant-pour-le-domaine-des-epf\/","url":"https:\/\/ethrat.ch\/fr\/message-fri-2025-2028-financement-insuffisant-pour-le-domaine-des-epf\/","name":"Message FRI 2025\u20132028: financement insuffisant pour le Domaine des EPF - Conseil des EPF","isPartOf":{"@id":"https:\/\/ethrat.ch\/de\/#website"},"datePublished":"2023-09-21T13:57:33+00:00","dateModified":"2023-10-02T09:15:01+00:00","breadcrumb":{"@id":"https:\/\/ethrat.ch\/fr\/message-fri-2025-2028-financement-insuffisant-pour-le-domaine-des-epf\/#breadcrumb"},"inLanguage":"fr-FR","potentialAction":[{"@type":"ReadAction","target":["https:\/\/ethrat.ch\/fr\/message-fri-2025-2028-financement-insuffisant-pour-le-domaine-des-epf\/"]}]},{"@type":"BreadcrumbList","@id":"https:\/\/ethrat.ch\/fr\/message-fri-2025-2028-financement-insuffisant-pour-le-domaine-des-epf\/#breadcrumb","itemListElement":[{"@type":"ListItem","position":1,"name":"Home","item":"https:\/\/ethrat.ch\/fr\/"},{"@type":"ListItem","position":2,"name":"Message FRI 2025\u20132028: financement insuffisant pour le Domaine des EPF"}]},{"@type":"WebSite","@id":"https:\/\/ethrat.ch\/de\/#website","url":"https:\/\/ethrat.ch\/de\/","name":"ETH-Rat","description":"","publisher":{"@id":"https:\/\/ethrat.ch\/de\/#organization"},"potentialAction":[{"@type":"SearchAction","target":{"@type":"EntryPoint","urlTemplate":"https:\/\/ethrat.ch\/de\/?s={search_term_string}"},"query-input":{"@type":"PropertyValueSpecification","valueRequired":true,"valueName":"search_term_string"}}],"inLanguage":"fr-FR"},{"@type":"Organization","@id":"https:\/\/ethrat.ch\/de\/#organization","name":"ETH-Rat","url":"https:\/\/ethrat.ch\/de\/","logo":{"@type":"ImageObject","inLanguage":"fr-FR","@id":"https:\/\/ethrat.ch\/de\/#\/schema\/logo\/image\/","url":"https:\/\/ethrat.ch\/wp-content\/uploads\/2024\/04\/logo-white.svg","contentUrl":"https:\/\/ethrat.ch\/wp-content\/uploads\/2024\/04\/logo-white.svg","width":283,"height":81,"caption":"ETH-Rat"},"image":{"@id":"https:\/\/ethrat.ch\/de\/#\/schema\/logo\/image\/"},"sameAs":["https:\/\/x.com\/eth_rat","https:\/\/issuu.com\/ethrat","https:\/\/www.linkedin.com\/company\/eth-rat\/"]},{"@type":"Person","@id":"https:\/\/ethrat.ch\/de\/#\/schema\/person\/d9fefa0b5f78d403e1eadfd72e6d54b5","name":"Pierre-Pascal Baumann","image":{"@type":"ImageObject","inLanguage":"fr-FR","@id":"https:\/\/secure.gravatar.com\/avatar\/57f0ceca7019f472e31528a35525a6a509d37fccce88e802954ae2b81a61d08b?s=96&d=mm&r=g","url":"https:\/\/secure.gravatar.com\/avatar\/57f0ceca7019f472e31528a35525a6a509d37fccce88e802954ae2b81a61d08b?s=96&d=mm&r=g","contentUrl":"https:\/\/secure.gravatar.com\/avatar\/57f0ceca7019f472e31528a35525a6a509d37fccce88e802954ae2b81a61d08b?s=96&d=mm&r=g","caption":"Pierre-Pascal Baumann"},"url":"https:\/\/ethrat.ch\/fr\/author\/pierre-baumannethrat-ch\/"}]}},"_links":{"self":[{"href":"https:\/\/ethrat.ch\/fr\/wp-json\/wp\/v2\/posts\/39777","targetHints":{"allow":["GET"]}}],"collection":[{"href":"https:\/\/ethrat.ch\/fr\/wp-json\/wp\/v2\/posts"}],"about":[{"href":"https:\/\/ethrat.ch\/fr\/wp-json\/wp\/v2\/types\/post"}],"author":[{"embeddable":true,"href":"https:\/\/ethrat.ch\/fr\/wp-json\/wp\/v2\/users\/11"}],"replies":[{"embeddable":true,"href":"https:\/\/ethrat.ch\/fr\/wp-json\/wp\/v2\/comments?post=39777"}],"version-history":[{"count":0,"href":"https:\/\/ethrat.ch\/fr\/wp-json\/wp\/v2\/posts\/39777\/revisions"}],"wp:attachment":[{"href":"https:\/\/ethrat.ch\/fr\/wp-json\/wp\/v2\/media?parent=39777"}],"wp:term":[{"taxonomy":"category","embeddable":true,"href":"https:\/\/ethrat.ch\/fr\/wp-json\/wp\/v2\/categories?post=39777"},{"taxonomy":"post_tag","embeddable":true,"href":"https:\/\/ethrat.ch\/fr\/wp-json\/wp\/v2\/tags?post=39777"},{"taxonomy":"search-tag","embeddable":true,"href":"https:\/\/ethrat.ch\/fr\/wp-json\/wp\/v2\/search-tag?post=39777"}],"curies":[{"name":"wp","href":"https:\/\/api.w.org\/{rel}","templated":true}]}}