{"id":58344,"date":"2026-03-13T14:02:46","date_gmt":"2026-03-13T13:02:46","guid":{"rendered":"https:\/\/ethrat.ch\/?p=58344"},"modified":"2026-03-16T14:13:55","modified_gmt":"2026-03-16T13:13:55","slug":"eth-bereich-erfuellt-im-ersten-jahr-der-finanzierungsperiode-2025-2028-die-strategischen-ziele-mehrheitlich","status":"publish","type":"post","link":"https:\/\/ethrat.ch\/de\/eth-bereich-erfuellt-im-ersten-jahr-der-finanzierungsperiode-2025-2028-die-strategischen-ziele-mehrheitlich\/","title":{"rendered":"ETH-Bereich erf\u00fcllt im ersten Jahr der Finanzierungsperiode 2025\u20132028 die strategischen Ziele mehrheitlich"},"content":{"rendered":"<p id=\"doc-1jjjb2kkt0\" class=\"font--regular\">Die ETH Z\u00fcrich und die EPFL bieten eine Lehre von hoher Qualit\u00e4t an, die bei Studierenden und Doktorierenden grossen Anklang findet. Ihre Anzahl hat 2025 gegen\u00fcber dem Vorjahr erneut zugenommen. Dank gezielter Massnahmen im Hinblick auf die Kapazit\u00e4t ist das Wachstum mit zwei Prozent aber gegen\u00fcber den Vorjahren abgeflacht. Die EPFL hat die Zulassung zum Bachelorstudium f\u00fcr ausl\u00e4ndische Studierende mit ausl\u00e4ndischem Vorbildungsausweis ab dem Herbstsemester 2025 w\u00e4hrend vorerst vier Jahren beschr\u00e4nkt. Zudem wurden an beiden ETH die Studiengeb\u00fchren f\u00fcr Bildungsausl\u00e4nderinnen und -ausl\u00e4nder verdreifacht. 2025 z\u00e4hlten die beiden ETH 40 627 Studierende und Doktorierende. Die Ingenieurwissenschaften bilden mit 11 125 Studierenden und Doktorierenden das gr\u00f6sste Fachgebiet, vor den exakten Wissenschaften und Naturwissenschaften mit 7669.<\/p>\n<p id=\"doc-1jjjb507m0\" class=\"font--regular\">Die beiden ETH konnten ihre Spitzenpl\u00e4tze in internationalen Hochschulrankings halten. Sie belegten 2025 beispielsweise im Times Higher Education World University Ranking die Pl\u00e4tze 11 (ETH Z\u00fcrich) beziehungsweise 35 (EPFL). Mit ihren Forschungsschwerpunkten leisten die Institutionen des ETH-Bereichs wichtige Beitr\u00e4ge in zukunftsrelevanten Themenfeldern wie Hochleistungsrechnen, k\u00fcnstliche Intelligenz, Energie, Klima oder Medizinforschung.<\/p>\n<p id=\"doc-1jjjb507p0\" class=\"font--regular\">Der ETH-Bereich entwickelt, baut und betreibt auch grosse Forschungsinfrastrukturen, die er der Wissenschaftsgemeinschaft und unter Anrechnung der Kosten auch der Industrie zur Verf\u00fcgung stellt. 2025 wurde am PSI die modernisierte Synchrotron Lichtquelle Schweiz (SLS) eingeweiht, die neue wissenschaftliche M\u00f6glichkeiten er\u00f6ffnet. Nach der Einweihung des Supercomputers Alps Ende 2024 am Hochleistungsrechenzentrum CSCS in Lugano wurden 2025 mehrere Plattformen in Betrieb genommen, unter anderem f\u00fcr Wetter und Klima sowie f\u00fcr maschinelles Lernen. Dies hat zum Beispiel die Entwicklung des Sprachmodells \u00abApertus\u00bb erm\u00f6glicht, das erste mehrsprachige \u00abLarge Language Model\u00bb, das in der Schweiz entwickelt wurde und \u00abOpen Source\u00bb zur Verf\u00fcgung steht. Mit Alps nimmt die Schweiz im Bereich Hochleistungsrechnen weltweit eine f\u00fchrende Position ein.<\/p>\n<p id=\"doc-1jjjb507q0\" class=\"font--regular\">Entsprechend den strategischen Zielen des Bundesrates f\u00f6rdern die Institutionen des ETH-Bereichs das unternehmerische Denken und Handeln ihrer Angeh\u00f6rigen. Diese Bem\u00fchungen f\u00fchrten 2025 unter anderem dazu, dass 70 Spin-offs aus dem ETH-Bereich entstanden, sechs mehr als im Jahr davor.<\/p>\n<p id=\"doc-1jjjb507r0\" class=\"font--regular\">Der Bund deckte 2025 direkt oder indirekt 82 Prozent der Ertr\u00e4ge des ETH-Bereichs. Der Anteil von Ertr\u00e4gen aus Drittmitteln und aus kompetitiv eingeworbenen Mitteln (inkl. Bundesmittel) stieg auf fast 34 Prozent. Die Reserven wurden lediglich um 25 Millionen Franken auf 916 Millionen Franken abgebaut.<\/p>\n<p id=\"doc-1jjjb507s0\" class=\"font--regular\">Als teilweise erreicht beurteilte der Bundesrat drei strategische Ziele. Er sieht Verbesserungsbedarf durch eine st\u00e4rkere Nutzung von Synergien bei den Beschaffungen im ETH-Bereich, beim Reservenabbau, beim Immobilienmanagement sowie bei der aktuellen \u00dcberpr\u00fcfung der Organisation und Struktur des ETH-Bereichs durch den ETH-Rat.<\/p>\n<p id=\"doc-1jjjb507t0\" class=\"font--regular\">Der Bundesrat f\u00fchrt den ETH-Bereich \u00fcber strategische Ziele und erstattet dem Parlament j\u00e4hrlich Bericht \u00fcber deren Erreichung. Der vom ETH-Rat als strategischem F\u00fchrungs- und Aufsichtsorgan geleitete ETH-Bereich umfasst die Eidgen\u00f6ssischen Technischen Hochschulen in Z\u00fcrich (ETH Z\u00fcrich) und in Lausanne (EPFL) sowie die vier Forschungsanstalten Paul Scherrer Institut (PSI), Eidgen\u00f6ssische Forschungsanstalt f\u00fcr Wald, Schnee und Landschaft (WSL), Eidgen\u00f6ssische Materialpr\u00fcfungs- und Forschungsanstalt (Empa) und Eidgen\u00f6ssische Forschungsanstalt f\u00fcr Wasserversorgung, Abwasserreinigung und Gew\u00e4sserschutz (Eawag).<\/p>\n","protected":false},"excerpt":{"rendered":"<p>Der Bundesrat hat sich am 13. M\u00e4rz 2026 mit der Erreichung der strategischen Ziele durch den ETH-Bereich im Jahr 2025 befasst. Das Berichtsjahr stellt das erste der neuen Finanzierungsperiode 2025\u20132028 dar. <\/p>\n","protected":false},"author":11,"featured_media":0,"comment_status":"closed","ping_status":"closed","sticky":false,"template":"","format":"standard","meta":{"_acf_changed":false,"footnotes":"","_links_to":"","_links_to_target":""},"categories":[263],"tags":[],"search-tag":[],"class_list":["post-58344","post","type-post","status-publish","format-standard","hentry","category-medienmitteilung"],"acf":[],"yoast_head":"<!-- This site is optimized with the Yoast SEO plugin v27.3 - https:\/\/yoast.com\/product\/yoast-seo-wordpress\/ -->\n<title>ETH-Bereich erf\u00fcllt im ersten Jahr der Finanzierungsperiode 2025\u20132028 die strategischen Ziele mehrheitlich - ETH-Rat<\/title>\n<meta name=\"robots\" content=\"index, follow, max-snippet:-1, max-image-preview:large, max-video-preview:-1\" \/>\n<link rel=\"canonical\" href=\"https:\/\/ethrat.ch\/de\/eth-bereich-erfuellt-im-ersten-jahr-der-finanzierungsperiode-2025-2028-die-strategischen-ziele-mehrheitlich\/\" \/>\n<meta property=\"og:locale\" content=\"de_DE\" \/>\n<meta property=\"og:type\" content=\"article\" \/>\n<meta property=\"og:title\" content=\"ETH-Bereich erf\u00fcllt im ersten Jahr der Finanzierungsperiode 2025\u20132028 die strategischen Ziele mehrheitlich - ETH-Rat\" \/>\n<meta property=\"og:description\" content=\"Der Bundesrat hat sich am 13. M\u00e4rz 2026 mit der Erreichung der strategischen Ziele durch den ETH-Bereich im Jahr 2025 befasst. Das Berichtsjahr stellt das erste der neuen Finanzierungsperiode 2025\u20132028 dar.\" \/>\n<meta property=\"og:url\" content=\"https:\/\/ethrat.ch\/de\/eth-bereich-erfuellt-im-ersten-jahr-der-finanzierungsperiode-2025-2028-die-strategischen-ziele-mehrheitlich\/\" \/>\n<meta property=\"og:site_name\" content=\"ETH-Rat\" \/>\n<meta property=\"article:published_time\" content=\"2026-03-13T13:02:46+00:00\" \/>\n<meta property=\"article:modified_time\" content=\"2026-03-16T13:13:55+00:00\" \/>\n<meta name=\"author\" content=\"Pierre-Pascal Baumann\" \/>\n<meta name=\"twitter:card\" content=\"summary_large_image\" \/>\n<meta name=\"twitter:creator\" content=\"@eth_rat\" \/>\n<meta name=\"twitter:site\" content=\"@eth_rat\" \/>\n<meta name=\"twitter:label1\" content=\"Verfasst von\" \/>\n\t<meta name=\"twitter:data1\" content=\"Pierre-Pascal Baumann\" \/>\n\t<meta name=\"twitter:label2\" content=\"Gesch\u00e4tzte Lesezeit\" \/>\n\t<meta name=\"twitter:data2\" content=\"3\u00a0Minuten\" \/>\n<script type=\"application\/ld+json\" class=\"yoast-schema-graph\">{\"@context\":\"https:\\\/\\\/schema.org\",\"@graph\":[{\"@type\":\"Article\",\"@id\":\"https:\\\/\\\/ethrat.ch\\\/de\\\/eth-bereich-erfuellt-im-ersten-jahr-der-finanzierungsperiode-2025-2028-die-strategischen-ziele-mehrheitlich\\\/#article\",\"isPartOf\":{\"@id\":\"https:\\\/\\\/ethrat.ch\\\/de\\\/eth-bereich-erfuellt-im-ersten-jahr-der-finanzierungsperiode-2025-2028-die-strategischen-ziele-mehrheitlich\\\/\"},\"author\":{\"name\":\"Pierre-Pascal Baumann\",\"@id\":\"https:\\\/\\\/ethrat.ch\\\/de\\\/#\\\/schema\\\/person\\\/d9fefa0b5f78d403e1eadfd72e6d54b5\"},\"headline\":\"ETH-Bereich erf\u00fcllt im ersten Jahr der Finanzierungsperiode 2025\u20132028 die strategischen Ziele mehrheitlich\",\"datePublished\":\"2026-03-13T13:02:46+00:00\",\"dateModified\":\"2026-03-16T13:13:55+00:00\",\"mainEntityOfPage\":{\"@id\":\"https:\\\/\\\/ethrat.ch\\\/de\\\/eth-bereich-erfuellt-im-ersten-jahr-der-finanzierungsperiode-2025-2028-die-strategischen-ziele-mehrheitlich\\\/\"},\"wordCount\":508,\"publisher\":{\"@id\":\"https:\\\/\\\/ethrat.ch\\\/de\\\/#organization\"},\"articleSection\":[\"Medienmitteilung\"],\"inLanguage\":\"de\"},{\"@type\":\"WebPage\",\"@id\":\"https:\\\/\\\/ethrat.ch\\\/de\\\/eth-bereich-erfuellt-im-ersten-jahr-der-finanzierungsperiode-2025-2028-die-strategischen-ziele-mehrheitlich\\\/\",\"url\":\"https:\\\/\\\/ethrat.ch\\\/de\\\/eth-bereich-erfuellt-im-ersten-jahr-der-finanzierungsperiode-2025-2028-die-strategischen-ziele-mehrheitlich\\\/\",\"name\":\"ETH-Bereich erf\u00fcllt im ersten Jahr der Finanzierungsperiode 2025\u20132028 die strategischen Ziele mehrheitlich - ETH-Rat\",\"isPartOf\":{\"@id\":\"https:\\\/\\\/ethrat.ch\\\/de\\\/#website\"},\"datePublished\":\"2026-03-13T13:02:46+00:00\",\"dateModified\":\"2026-03-16T13:13:55+00:00\",\"breadcrumb\":{\"@id\":\"https:\\\/\\\/ethrat.ch\\\/de\\\/eth-bereich-erfuellt-im-ersten-jahr-der-finanzierungsperiode-2025-2028-die-strategischen-ziele-mehrheitlich\\\/#breadcrumb\"},\"inLanguage\":\"de\",\"potentialAction\":[{\"@type\":\"ReadAction\",\"target\":[\"https:\\\/\\\/ethrat.ch\\\/de\\\/eth-bereich-erfuellt-im-ersten-jahr-der-finanzierungsperiode-2025-2028-die-strategischen-ziele-mehrheitlich\\\/\"]}]},{\"@type\":\"BreadcrumbList\",\"@id\":\"https:\\\/\\\/ethrat.ch\\\/de\\\/eth-bereich-erfuellt-im-ersten-jahr-der-finanzierungsperiode-2025-2028-die-strategischen-ziele-mehrheitlich\\\/#breadcrumb\",\"itemListElement\":[{\"@type\":\"ListItem\",\"position\":1,\"name\":\"Home\",\"item\":\"https:\\\/\\\/ethrat.ch\\\/de\\\/\"},{\"@type\":\"ListItem\",\"position\":2,\"name\":\"ETH-Bereich erf\u00fcllt im ersten Jahr der Finanzierungsperiode 2025\u20132028 die strategischen Ziele mehrheitlich\"}]},{\"@type\":\"WebSite\",\"@id\":\"https:\\\/\\\/ethrat.ch\\\/de\\\/#website\",\"url\":\"https:\\\/\\\/ethrat.ch\\\/de\\\/\",\"name\":\"ETH-Rat\",\"description\":\"\",\"publisher\":{\"@id\":\"https:\\\/\\\/ethrat.ch\\\/de\\\/#organization\"},\"potentialAction\":[{\"@type\":\"SearchAction\",\"target\":{\"@type\":\"EntryPoint\",\"urlTemplate\":\"https:\\\/\\\/ethrat.ch\\\/de\\\/?s={search_term_string}\"},\"query-input\":{\"@type\":\"PropertyValueSpecification\",\"valueRequired\":true,\"valueName\":\"search_term_string\"}}],\"inLanguage\":\"de\"},{\"@type\":\"Organization\",\"@id\":\"https:\\\/\\\/ethrat.ch\\\/de\\\/#organization\",\"name\":\"ETH-Rat\",\"url\":\"https:\\\/\\\/ethrat.ch\\\/de\\\/\",\"logo\":{\"@type\":\"ImageObject\",\"inLanguage\":\"de\",\"@id\":\"https:\\\/\\\/ethrat.ch\\\/de\\\/#\\\/schema\\\/logo\\\/image\\\/\",\"url\":\"https:\\\/\\\/ethrat.ch\\\/wp-content\\\/uploads\\\/2024\\\/04\\\/logo-white.svg\",\"contentUrl\":\"https:\\\/\\\/ethrat.ch\\\/wp-content\\\/uploads\\\/2024\\\/04\\\/logo-white.svg\",\"width\":283,\"height\":81,\"caption\":\"ETH-Rat\"},\"image\":{\"@id\":\"https:\\\/\\\/ethrat.ch\\\/de\\\/#\\\/schema\\\/logo\\\/image\\\/\"},\"sameAs\":[\"https:\\\/\\\/x.com\\\/eth_rat\",\"https:\\\/\\\/issuu.com\\\/ethrat\",\"https:\\\/\\\/www.linkedin.com\\\/company\\\/eth-rat\\\/\"]},{\"@type\":\"Person\",\"@id\":\"https:\\\/\\\/ethrat.ch\\\/de\\\/#\\\/schema\\\/person\\\/d9fefa0b5f78d403e1eadfd72e6d54b5\",\"name\":\"Pierre-Pascal Baumann\",\"image\":{\"@type\":\"ImageObject\",\"inLanguage\":\"de\",\"@id\":\"https:\\\/\\\/secure.gravatar.com\\\/avatar\\\/57f0ceca7019f472e31528a35525a6a509d37fccce88e802954ae2b81a61d08b?s=96&d=mm&r=g\",\"url\":\"https:\\\/\\\/secure.gravatar.com\\\/avatar\\\/57f0ceca7019f472e31528a35525a6a509d37fccce88e802954ae2b81a61d08b?s=96&d=mm&r=g\",\"contentUrl\":\"https:\\\/\\\/secure.gravatar.com\\\/avatar\\\/57f0ceca7019f472e31528a35525a6a509d37fccce88e802954ae2b81a61d08b?s=96&d=mm&r=g\",\"caption\":\"Pierre-Pascal Baumann\"},\"url\":\"https:\\\/\\\/ethrat.ch\\\/de\\\/author\\\/pierre-baumannethrat-ch\\\/\"}]}<\/script>\n<!-- \/ Yoast SEO plugin. -->","yoast_head_json":{"title":"ETH-Bereich erf\u00fcllt im ersten Jahr der Finanzierungsperiode 2025\u20132028 die strategischen Ziele mehrheitlich - ETH-Rat","robots":{"index":"index","follow":"follow","max-snippet":"max-snippet:-1","max-image-preview":"max-image-preview:large","max-video-preview":"max-video-preview:-1"},"canonical":"https:\/\/ethrat.ch\/de\/eth-bereich-erfuellt-im-ersten-jahr-der-finanzierungsperiode-2025-2028-die-strategischen-ziele-mehrheitlich\/","og_locale":"de_DE","og_type":"article","og_title":"ETH-Bereich erf\u00fcllt im ersten Jahr der Finanzierungsperiode 2025\u20132028 die strategischen Ziele mehrheitlich - ETH-Rat","og_description":"Der Bundesrat hat sich am 13. M\u00e4rz 2026 mit der Erreichung der strategischen Ziele durch den ETH-Bereich im Jahr 2025 befasst. Das Berichtsjahr stellt das erste der neuen Finanzierungsperiode 2025\u20132028 dar.","og_url":"https:\/\/ethrat.ch\/de\/eth-bereich-erfuellt-im-ersten-jahr-der-finanzierungsperiode-2025-2028-die-strategischen-ziele-mehrheitlich\/","og_site_name":"ETH-Rat","article_published_time":"2026-03-13T13:02:46+00:00","article_modified_time":"2026-03-16T13:13:55+00:00","author":"Pierre-Pascal Baumann","twitter_card":"summary_large_image","twitter_creator":"@eth_rat","twitter_site":"@eth_rat","twitter_misc":{"Verfasst von":"Pierre-Pascal Baumann","Gesch\u00e4tzte Lesezeit":"3\u00a0Minuten"},"schema":{"@context":"https:\/\/schema.org","@graph":[{"@type":"Article","@id":"https:\/\/ethrat.ch\/de\/eth-bereich-erfuellt-im-ersten-jahr-der-finanzierungsperiode-2025-2028-die-strategischen-ziele-mehrheitlich\/#article","isPartOf":{"@id":"https:\/\/ethrat.ch\/de\/eth-bereich-erfuellt-im-ersten-jahr-der-finanzierungsperiode-2025-2028-die-strategischen-ziele-mehrheitlich\/"},"author":{"name":"Pierre-Pascal Baumann","@id":"https:\/\/ethrat.ch\/de\/#\/schema\/person\/d9fefa0b5f78d403e1eadfd72e6d54b5"},"headline":"ETH-Bereich erf\u00fcllt im ersten Jahr der Finanzierungsperiode 2025\u20132028 die strategischen Ziele mehrheitlich","datePublished":"2026-03-13T13:02:46+00:00","dateModified":"2026-03-16T13:13:55+00:00","mainEntityOfPage":{"@id":"https:\/\/ethrat.ch\/de\/eth-bereich-erfuellt-im-ersten-jahr-der-finanzierungsperiode-2025-2028-die-strategischen-ziele-mehrheitlich\/"},"wordCount":508,"publisher":{"@id":"https:\/\/ethrat.ch\/de\/#organization"},"articleSection":["Medienmitteilung"],"inLanguage":"de"},{"@type":"WebPage","@id":"https:\/\/ethrat.ch\/de\/eth-bereich-erfuellt-im-ersten-jahr-der-finanzierungsperiode-2025-2028-die-strategischen-ziele-mehrheitlich\/","url":"https:\/\/ethrat.ch\/de\/eth-bereich-erfuellt-im-ersten-jahr-der-finanzierungsperiode-2025-2028-die-strategischen-ziele-mehrheitlich\/","name":"ETH-Bereich erf\u00fcllt im ersten Jahr der Finanzierungsperiode 2025\u20132028 die strategischen Ziele mehrheitlich - ETH-Rat","isPartOf":{"@id":"https:\/\/ethrat.ch\/de\/#website"},"datePublished":"2026-03-13T13:02:46+00:00","dateModified":"2026-03-16T13:13:55+00:00","breadcrumb":{"@id":"https:\/\/ethrat.ch\/de\/eth-bereich-erfuellt-im-ersten-jahr-der-finanzierungsperiode-2025-2028-die-strategischen-ziele-mehrheitlich\/#breadcrumb"},"inLanguage":"de","potentialAction":[{"@type":"ReadAction","target":["https:\/\/ethrat.ch\/de\/eth-bereich-erfuellt-im-ersten-jahr-der-finanzierungsperiode-2025-2028-die-strategischen-ziele-mehrheitlich\/"]}]},{"@type":"BreadcrumbList","@id":"https:\/\/ethrat.ch\/de\/eth-bereich-erfuellt-im-ersten-jahr-der-finanzierungsperiode-2025-2028-die-strategischen-ziele-mehrheitlich\/#breadcrumb","itemListElement":[{"@type":"ListItem","position":1,"name":"Home","item":"https:\/\/ethrat.ch\/de\/"},{"@type":"ListItem","position":2,"name":"ETH-Bereich erf\u00fcllt im ersten Jahr der Finanzierungsperiode 2025\u20132028 die strategischen Ziele mehrheitlich"}]},{"@type":"WebSite","@id":"https:\/\/ethrat.ch\/de\/#website","url":"https:\/\/ethrat.ch\/de\/","name":"ETH-Rat","description":"","publisher":{"@id":"https:\/\/ethrat.ch\/de\/#organization"},"potentialAction":[{"@type":"SearchAction","target":{"@type":"EntryPoint","urlTemplate":"https:\/\/ethrat.ch\/de\/?s={search_term_string}"},"query-input":{"@type":"PropertyValueSpecification","valueRequired":true,"valueName":"search_term_string"}}],"inLanguage":"de"},{"@type":"Organization","@id":"https:\/\/ethrat.ch\/de\/#organization","name":"ETH-Rat","url":"https:\/\/ethrat.ch\/de\/","logo":{"@type":"ImageObject","inLanguage":"de","@id":"https:\/\/ethrat.ch\/de\/#\/schema\/logo\/image\/","url":"https:\/\/ethrat.ch\/wp-content\/uploads\/2024\/04\/logo-white.svg","contentUrl":"https:\/\/ethrat.ch\/wp-content\/uploads\/2024\/04\/logo-white.svg","width":283,"height":81,"caption":"ETH-Rat"},"image":{"@id":"https:\/\/ethrat.ch\/de\/#\/schema\/logo\/image\/"},"sameAs":["https:\/\/x.com\/eth_rat","https:\/\/issuu.com\/ethrat","https:\/\/www.linkedin.com\/company\/eth-rat\/"]},{"@type":"Person","@id":"https:\/\/ethrat.ch\/de\/#\/schema\/person\/d9fefa0b5f78d403e1eadfd72e6d54b5","name":"Pierre-Pascal Baumann","image":{"@type":"ImageObject","inLanguage":"de","@id":"https:\/\/secure.gravatar.com\/avatar\/57f0ceca7019f472e31528a35525a6a509d37fccce88e802954ae2b81a61d08b?s=96&d=mm&r=g","url":"https:\/\/secure.gravatar.com\/avatar\/57f0ceca7019f472e31528a35525a6a509d37fccce88e802954ae2b81a61d08b?s=96&d=mm&r=g","contentUrl":"https:\/\/secure.gravatar.com\/avatar\/57f0ceca7019f472e31528a35525a6a509d37fccce88e802954ae2b81a61d08b?s=96&d=mm&r=g","caption":"Pierre-Pascal Baumann"},"url":"https:\/\/ethrat.ch\/de\/author\/pierre-baumannethrat-ch\/"}]}},"_links":{"self":[{"href":"https:\/\/ethrat.ch\/de\/wp-json\/wp\/v2\/posts\/58344","targetHints":{"allow":["GET"]}}],"collection":[{"href":"https:\/\/ethrat.ch\/de\/wp-json\/wp\/v2\/posts"}],"about":[{"href":"https:\/\/ethrat.ch\/de\/wp-json\/wp\/v2\/types\/post"}],"author":[{"embeddable":true,"href":"https:\/\/ethrat.ch\/de\/wp-json\/wp\/v2\/users\/11"}],"replies":[{"embeddable":true,"href":"https:\/\/ethrat.ch\/de\/wp-json\/wp\/v2\/comments?post=58344"}],"version-history":[{"count":2,"href":"https:\/\/ethrat.ch\/de\/wp-json\/wp\/v2\/posts\/58344\/revisions"}],"predecessor-version":[{"id":58349,"href":"https:\/\/ethrat.ch\/de\/wp-json\/wp\/v2\/posts\/58344\/revisions\/58349"}],"wp:attachment":[{"href":"https:\/\/ethrat.ch\/de\/wp-json\/wp\/v2\/media?parent=58344"}],"wp:term":[{"taxonomy":"category","embeddable":true,"href":"https:\/\/ethrat.ch\/de\/wp-json\/wp\/v2\/categories?post=58344"},{"taxonomy":"post_tag","embeddable":true,"href":"https:\/\/ethrat.ch\/de\/wp-json\/wp\/v2\/tags?post=58344"},{"taxonomy":"search-tag","embeddable":true,"href":"https:\/\/ethrat.ch\/de\/wp-json\/wp\/v2\/search-tag?post=58344"}],"curies":[{"name":"wp","href":"https:\/\/api.w.org\/{rel}","templated":true}]}}