{"id":57911,"date":"2026-03-05T15:20:19","date_gmt":"2026-03-05T14:20:19","guid":{"rendered":"https:\/\/ethrat.ch\/?p=57911"},"modified":"2026-03-05T15:20:19","modified_gmt":"2026-03-05T14:20:19","slug":"eth-rat-eroeffnet-konsultation-im-eth-bereich-zum-organisationsentwicklungsprojekt-fit-for-the-future","status":"publish","type":"post","link":"https:\/\/ethrat.ch\/de\/eth-rat-eroeffnet-konsultation-im-eth-bereich-zum-organisationsentwicklungsprojekt-fit-for-the-future\/","title":{"rendered":"ETH-Rat er\u00f6ffnet Konsultation im ETH-Bereich zum Organisationsentwicklungsprojekt \u00abFIT for the Future\u00bb"},"content":{"rendered":"<h3>Interne Konsultation zu \u00abFIT for the Future\u00bb mit zwei Varianten<\/h3>\n<p>Der ETH-Rat strebt eine engere Zusammenarbeit und eine verst\u00e4rkte Koordination im ETH-Bereich an. Ziel ist es, Synergien noch gezielter zu nutzen und administrative Hindernisse zu vermeiden. Der ETH-Bereich soll k\u00fcnftig von drei starken strategischen Pfeilern getragen werden: der ETH Z\u00fcrich, der EPFL und den vier Forschungsanstalten unter einem gemeinsamen Dach.<\/p>\n<p>Der ETH-Rat und die Institutionen des ETH-Bereichs hatten Anfang 2024 gemeinsam Ziele f\u00fcr eine zukunftsf\u00e4hige Organisation und Struktur des ETH-Bereichs definiert. Darauf basierend haben sie zwei Modellvarianten zur Umsetzung dieser Ziele entwickelt. Diese unterscheiden sich insbesondere hinsichtlich des Grads der Integration der vier Forschungsanstalten.<\/p>\n<p>Im Vorschlag mit dem Arbeitstitel \u00abSwiss National Labs\u00bb behalten die Forschungsanstalten ihre Rechtspers\u00f6nlichkeiten. Dies im Unterschied zur Variante mit dem Arbeitstitel \u00abSwiss National Lab\u00bb, in der die vier Forschungsanstalten in eine Rechtspers\u00f6nlichkeit zusammengef\u00fchrt werden. Bei beiden Varianten erhalten die Forschungsanstalten einen neuen gemeinsamen Auftritt unter einem gemeinsamen Dach unter Beibehaltung ihrer Namen, ihrer Logos\/Brands und ihrer Standorte.<\/p>\n<p>Der ETH-Rat hat die zwei Varianten an seiner Sitzung vom 4.\/5. M\u00e4rz 2026 diskutiert und entschieden, beide in die interne Konsultation im ETH-Bereich zu schicken. Diese beginnt nach der ETH-Ratssitzung und dauert bis Anfang Juni. Der ETH-Rat wird die R\u00fcckmeldungen auswerten und darauf gest\u00fctzt voraussichtlich in der zweiten Jahresh\u00e4lfte \u00fcber das weitere Verfahren entscheiden. Mehr Informationen unter folgendem Link: <a href=\"https:\/\/ethrat.ch\/de\/eth-bereich\/fit-for-the-future\/\">https:\/\/ethrat.ch\/de\/eth-bereich\/fit-for-the-future\/<\/a><\/p>\n<h3>Mittelzuteilung an die Institutionen des ETH-Bereichs f\u00fcr das Jahr 2027<\/h3>\n<p>Der ETH-Rat teilte an seiner Sitzung die Bundesmittel f\u00fcr das Jahr 2027 zu. Er legte die Finanzierung von Mitteln f\u00fcr zentral geplante, ETH-bereichsweite strategische Initiativen und Forschungsinfrastrukturen fest. Der gr\u00f6sste Teil der Bundesmittel f\u00fcr 2027 sprach der ETH-Rat den beiden Hochschulen ETH Z\u00fcrich und EPFL sowie den vier Forschungsanstalten PSI, WSL, Empa und Eawag zu. Einerseits f\u00fcr deren Grundauftr\u00e4ge, andererseits f\u00fcr die Umsetzung der Entwicklungspl\u00e4ne.<strong>\u00a0<\/strong><\/p>\n<h3>Konsolidierte Berichterstattung 2025 des ETH-Rats \u00fcber den ETH-Bereich<\/h3>\n<p>Der ETH-Rat verabschiedete die konsolidierte Berichterstattung 2025 \u00fcber den ETH-Bereich. Der Gesch\u00e4ftsbericht und der Finanzbericht des ETH-Rats werden dem Bundesrat zur Genehmigung unterbreitet und im Anschluss auf der Website des ETH-Rats publiziert. In der konsolidierten Berichterstattung legt der ETH-Rat mit dem Gesch\u00e4ftsbericht Rechenschaft \u00fcber die Erreichung der Strategischen Ziele des Bundesrats f\u00fcr den ETH-Bereich ab. Der Finanzbericht wird in \u00dcbereinstimmung mit internationalen Rechnungslegungsstandards erstellt. Er informiert detailliert und transparent \u00fcber das Finanzjahr 2025.<\/p>\n<h3>Wechsel in der Schulleitung der EPFL<\/h3>\n<p>Ambrogio Fasoli ist seit 2025 akademischer Vizepr\u00e4sident und Provost der EPFL. Er wird sein Amt am 31. M\u00e4rz 2026 niederlegen. Der ETH-Rat dankt Ambrogio Fasoli f\u00fcr sein Engagement an der Spitze des Akademischen Vizepr\u00e4sidiums der EPFL und f\u00fcr den ETH-Bereich. Als Mitglied der EPFL-Direktion hat er zahlreiche Entwicklungen in der akademischen Gemeinschaft gef\u00f6rdert und zur St\u00e4rkung des internationalen Ansehens der EPFL beigetragen. Nach dieser wichtigen Etappe wird er sich wieder verst\u00e4rkt der Lehre und Forschung in seinem Fachgebiet, der Kernfusion, widmen, das sich derzeit in voller Expansion befindet. Die akademische Vizepr\u00e4sidentschaft der EPFL wird bis zur Neubesetzung der Stelle interimistisch von der EPFL-Direktion wahrgenommen.<\/p>\n","protected":false},"excerpt":{"rendered":"<p>An seiner Sitzung vom 4.\/5. M\u00e4rz hat der ETH-Rat entschieden, zwei Varianten zum Organisationsentwicklungsprojekt \u00abFIT for the Future\u00bb in die interne Konsultation im ETH-Bereich zu schicken.<\/p>\n","protected":false},"author":11,"featured_media":0,"comment_status":"closed","ping_status":"closed","sticky":false,"template":"","format":"standard","meta":{"_acf_changed":false,"footnotes":"","_links_to":"","_links_to_target":""},"categories":[263],"tags":[],"search-tag":[],"class_list":["post-57911","post","type-post","status-publish","format-standard","hentry","category-medienmitteilung"],"acf":[],"yoast_head":"<!-- This site is optimized with the Yoast SEO plugin v27.3 - https:\/\/yoast.com\/product\/yoast-seo-wordpress\/ -->\n<title>ETH-Rat er\u00f6ffnet Konsultation im ETH-Bereich zum Organisationsentwicklungsprojekt \u00abFIT for the Future\u00bb - ETH-Rat<\/title>\n<meta name=\"robots\" content=\"index, follow, max-snippet:-1, max-image-preview:large, max-video-preview:-1\" \/>\n<link rel=\"canonical\" href=\"https:\/\/ethrat.ch\/de\/eth-rat-eroeffnet-konsultation-im-eth-bereich-zum-organisationsentwicklungsprojekt-fit-for-the-future\/\" \/>\n<meta property=\"og:locale\" content=\"de_DE\" \/>\n<meta property=\"og:type\" content=\"article\" \/>\n<meta property=\"og:title\" content=\"ETH-Rat er\u00f6ffnet Konsultation im ETH-Bereich zum Organisationsentwicklungsprojekt \u00abFIT for the Future\u00bb - ETH-Rat\" \/>\n<meta property=\"og:description\" content=\"An seiner Sitzung vom 4.\/5. M\u00e4rz hat der ETH-Rat entschieden, zwei Varianten zum Organisationsentwicklungsprojekt \u00abFIT for the Future\u00bb in die interne Konsultation im ETH-Bereich zu schicken.\" \/>\n<meta property=\"og:url\" content=\"https:\/\/ethrat.ch\/de\/eth-rat-eroeffnet-konsultation-im-eth-bereich-zum-organisationsentwicklungsprojekt-fit-for-the-future\/\" \/>\n<meta property=\"og:site_name\" content=\"ETH-Rat\" \/>\n<meta property=\"article:published_time\" content=\"2026-03-05T14:20:19+00:00\" \/>\n<meta name=\"author\" content=\"Pierre-Pascal Baumann\" \/>\n<meta name=\"twitter:card\" content=\"summary_large_image\" \/>\n<meta name=\"twitter:creator\" content=\"@eth_rat\" \/>\n<meta name=\"twitter:site\" content=\"@eth_rat\" \/>\n<meta name=\"twitter:label1\" content=\"Verfasst von\" \/>\n\t<meta name=\"twitter:data1\" content=\"Pierre-Pascal Baumann\" \/>\n\t<meta name=\"twitter:label2\" content=\"Gesch\u00e4tzte Lesezeit\" \/>\n\t<meta name=\"twitter:data2\" content=\"3\u00a0Minuten\" \/>\n<script type=\"application\/ld+json\" class=\"yoast-schema-graph\">{\"@context\":\"https:\\\/\\\/schema.org\",\"@graph\":[{\"@type\":\"Article\",\"@id\":\"https:\\\/\\\/ethrat.ch\\\/de\\\/eth-rat-eroeffnet-konsultation-im-eth-bereich-zum-organisationsentwicklungsprojekt-fit-for-the-future\\\/#article\",\"isPartOf\":{\"@id\":\"https:\\\/\\\/ethrat.ch\\\/de\\\/eth-rat-eroeffnet-konsultation-im-eth-bereich-zum-organisationsentwicklungsprojekt-fit-for-the-future\\\/\"},\"author\":{\"name\":\"Pierre-Pascal Baumann\",\"@id\":\"https:\\\/\\\/ethrat.ch\\\/de\\\/#\\\/schema\\\/person\\\/d9fefa0b5f78d403e1eadfd72e6d54b5\"},\"headline\":\"ETH-Rat er\u00f6ffnet Konsultation im ETH-Bereich zum Organisationsentwicklungsprojekt \u00abFIT for the Future\u00bb\",\"datePublished\":\"2026-03-05T14:20:19+00:00\",\"mainEntityOfPage\":{\"@id\":\"https:\\\/\\\/ethrat.ch\\\/de\\\/eth-rat-eroeffnet-konsultation-im-eth-bereich-zum-organisationsentwicklungsprojekt-fit-for-the-future\\\/\"},\"wordCount\":527,\"publisher\":{\"@id\":\"https:\\\/\\\/ethrat.ch\\\/de\\\/#organization\"},\"articleSection\":[\"Medienmitteilung\"],\"inLanguage\":\"de\"},{\"@type\":\"WebPage\",\"@id\":\"https:\\\/\\\/ethrat.ch\\\/de\\\/eth-rat-eroeffnet-konsultation-im-eth-bereich-zum-organisationsentwicklungsprojekt-fit-for-the-future\\\/\",\"url\":\"https:\\\/\\\/ethrat.ch\\\/de\\\/eth-rat-eroeffnet-konsultation-im-eth-bereich-zum-organisationsentwicklungsprojekt-fit-for-the-future\\\/\",\"name\":\"ETH-Rat er\u00f6ffnet Konsultation im ETH-Bereich zum Organisationsentwicklungsprojekt \u00abFIT for the Future\u00bb - ETH-Rat\",\"isPartOf\":{\"@id\":\"https:\\\/\\\/ethrat.ch\\\/de\\\/#website\"},\"datePublished\":\"2026-03-05T14:20:19+00:00\",\"breadcrumb\":{\"@id\":\"https:\\\/\\\/ethrat.ch\\\/de\\\/eth-rat-eroeffnet-konsultation-im-eth-bereich-zum-organisationsentwicklungsprojekt-fit-for-the-future\\\/#breadcrumb\"},\"inLanguage\":\"de\",\"potentialAction\":[{\"@type\":\"ReadAction\",\"target\":[\"https:\\\/\\\/ethrat.ch\\\/de\\\/eth-rat-eroeffnet-konsultation-im-eth-bereich-zum-organisationsentwicklungsprojekt-fit-for-the-future\\\/\"]}]},{\"@type\":\"BreadcrumbList\",\"@id\":\"https:\\\/\\\/ethrat.ch\\\/de\\\/eth-rat-eroeffnet-konsultation-im-eth-bereich-zum-organisationsentwicklungsprojekt-fit-for-the-future\\\/#breadcrumb\",\"itemListElement\":[{\"@type\":\"ListItem\",\"position\":1,\"name\":\"Home\",\"item\":\"https:\\\/\\\/ethrat.ch\\\/de\\\/\"},{\"@type\":\"ListItem\",\"position\":2,\"name\":\"ETH-Rat er\u00f6ffnet Konsultation im ETH-Bereich zum Organisationsentwicklungsprojekt \u00abFIT for the Future\u00bb\"}]},{\"@type\":\"WebSite\",\"@id\":\"https:\\\/\\\/ethrat.ch\\\/de\\\/#website\",\"url\":\"https:\\\/\\\/ethrat.ch\\\/de\\\/\",\"name\":\"ETH-Rat\",\"description\":\"\",\"publisher\":{\"@id\":\"https:\\\/\\\/ethrat.ch\\\/de\\\/#organization\"},\"potentialAction\":[{\"@type\":\"SearchAction\",\"target\":{\"@type\":\"EntryPoint\",\"urlTemplate\":\"https:\\\/\\\/ethrat.ch\\\/de\\\/?s={search_term_string}\"},\"query-input\":{\"@type\":\"PropertyValueSpecification\",\"valueRequired\":true,\"valueName\":\"search_term_string\"}}],\"inLanguage\":\"de\"},{\"@type\":\"Organization\",\"@id\":\"https:\\\/\\\/ethrat.ch\\\/de\\\/#organization\",\"name\":\"ETH-Rat\",\"url\":\"https:\\\/\\\/ethrat.ch\\\/de\\\/\",\"logo\":{\"@type\":\"ImageObject\",\"inLanguage\":\"de\",\"@id\":\"https:\\\/\\\/ethrat.ch\\\/de\\\/#\\\/schema\\\/logo\\\/image\\\/\",\"url\":\"https:\\\/\\\/ethrat.ch\\\/wp-content\\\/uploads\\\/2024\\\/04\\\/logo-white.svg\",\"contentUrl\":\"https:\\\/\\\/ethrat.ch\\\/wp-content\\\/uploads\\\/2024\\\/04\\\/logo-white.svg\",\"width\":283,\"height\":81,\"caption\":\"ETH-Rat\"},\"image\":{\"@id\":\"https:\\\/\\\/ethrat.ch\\\/de\\\/#\\\/schema\\\/logo\\\/image\\\/\"},\"sameAs\":[\"https:\\\/\\\/x.com\\\/eth_rat\",\"https:\\\/\\\/issuu.com\\\/ethrat\",\"https:\\\/\\\/www.linkedin.com\\\/company\\\/eth-rat\\\/\"]},{\"@type\":\"Person\",\"@id\":\"https:\\\/\\\/ethrat.ch\\\/de\\\/#\\\/schema\\\/person\\\/d9fefa0b5f78d403e1eadfd72e6d54b5\",\"name\":\"Pierre-Pascal Baumann\",\"image\":{\"@type\":\"ImageObject\",\"inLanguage\":\"de\",\"@id\":\"https:\\\/\\\/secure.gravatar.com\\\/avatar\\\/57f0ceca7019f472e31528a35525a6a509d37fccce88e802954ae2b81a61d08b?s=96&d=mm&r=g\",\"url\":\"https:\\\/\\\/secure.gravatar.com\\\/avatar\\\/57f0ceca7019f472e31528a35525a6a509d37fccce88e802954ae2b81a61d08b?s=96&d=mm&r=g\",\"contentUrl\":\"https:\\\/\\\/secure.gravatar.com\\\/avatar\\\/57f0ceca7019f472e31528a35525a6a509d37fccce88e802954ae2b81a61d08b?s=96&d=mm&r=g\",\"caption\":\"Pierre-Pascal Baumann\"},\"url\":\"https:\\\/\\\/ethrat.ch\\\/de\\\/author\\\/pierre-baumannethrat-ch\\\/\"}]}<\/script>\n<!-- \/ Yoast SEO plugin. -->","yoast_head_json":{"title":"ETH-Rat er\u00f6ffnet Konsultation im ETH-Bereich zum Organisationsentwicklungsprojekt \u00abFIT for the Future\u00bb - ETH-Rat","robots":{"index":"index","follow":"follow","max-snippet":"max-snippet:-1","max-image-preview":"max-image-preview:large","max-video-preview":"max-video-preview:-1"},"canonical":"https:\/\/ethrat.ch\/de\/eth-rat-eroeffnet-konsultation-im-eth-bereich-zum-organisationsentwicklungsprojekt-fit-for-the-future\/","og_locale":"de_DE","og_type":"article","og_title":"ETH-Rat er\u00f6ffnet Konsultation im ETH-Bereich zum Organisationsentwicklungsprojekt \u00abFIT for the Future\u00bb - ETH-Rat","og_description":"An seiner Sitzung vom 4.\/5. M\u00e4rz hat der ETH-Rat entschieden, zwei Varianten zum Organisationsentwicklungsprojekt \u00abFIT for the Future\u00bb in die interne Konsultation im ETH-Bereich zu schicken.","og_url":"https:\/\/ethrat.ch\/de\/eth-rat-eroeffnet-konsultation-im-eth-bereich-zum-organisationsentwicklungsprojekt-fit-for-the-future\/","og_site_name":"ETH-Rat","article_published_time":"2026-03-05T14:20:19+00:00","author":"Pierre-Pascal Baumann","twitter_card":"summary_large_image","twitter_creator":"@eth_rat","twitter_site":"@eth_rat","twitter_misc":{"Verfasst von":"Pierre-Pascal Baumann","Gesch\u00e4tzte Lesezeit":"3\u00a0Minuten"},"schema":{"@context":"https:\/\/schema.org","@graph":[{"@type":"Article","@id":"https:\/\/ethrat.ch\/de\/eth-rat-eroeffnet-konsultation-im-eth-bereich-zum-organisationsentwicklungsprojekt-fit-for-the-future\/#article","isPartOf":{"@id":"https:\/\/ethrat.ch\/de\/eth-rat-eroeffnet-konsultation-im-eth-bereich-zum-organisationsentwicklungsprojekt-fit-for-the-future\/"},"author":{"name":"Pierre-Pascal Baumann","@id":"https:\/\/ethrat.ch\/de\/#\/schema\/person\/d9fefa0b5f78d403e1eadfd72e6d54b5"},"headline":"ETH-Rat er\u00f6ffnet Konsultation im ETH-Bereich zum Organisationsentwicklungsprojekt \u00abFIT for the Future\u00bb","datePublished":"2026-03-05T14:20:19+00:00","mainEntityOfPage":{"@id":"https:\/\/ethrat.ch\/de\/eth-rat-eroeffnet-konsultation-im-eth-bereich-zum-organisationsentwicklungsprojekt-fit-for-the-future\/"},"wordCount":527,"publisher":{"@id":"https:\/\/ethrat.ch\/de\/#organization"},"articleSection":["Medienmitteilung"],"inLanguage":"de"},{"@type":"WebPage","@id":"https:\/\/ethrat.ch\/de\/eth-rat-eroeffnet-konsultation-im-eth-bereich-zum-organisationsentwicklungsprojekt-fit-for-the-future\/","url":"https:\/\/ethrat.ch\/de\/eth-rat-eroeffnet-konsultation-im-eth-bereich-zum-organisationsentwicklungsprojekt-fit-for-the-future\/","name":"ETH-Rat er\u00f6ffnet Konsultation im ETH-Bereich zum Organisationsentwicklungsprojekt \u00abFIT for the Future\u00bb - ETH-Rat","isPartOf":{"@id":"https:\/\/ethrat.ch\/de\/#website"},"datePublished":"2026-03-05T14:20:19+00:00","breadcrumb":{"@id":"https:\/\/ethrat.ch\/de\/eth-rat-eroeffnet-konsultation-im-eth-bereich-zum-organisationsentwicklungsprojekt-fit-for-the-future\/#breadcrumb"},"inLanguage":"de","potentialAction":[{"@type":"ReadAction","target":["https:\/\/ethrat.ch\/de\/eth-rat-eroeffnet-konsultation-im-eth-bereich-zum-organisationsentwicklungsprojekt-fit-for-the-future\/"]}]},{"@type":"BreadcrumbList","@id":"https:\/\/ethrat.ch\/de\/eth-rat-eroeffnet-konsultation-im-eth-bereich-zum-organisationsentwicklungsprojekt-fit-for-the-future\/#breadcrumb","itemListElement":[{"@type":"ListItem","position":1,"name":"Home","item":"https:\/\/ethrat.ch\/de\/"},{"@type":"ListItem","position":2,"name":"ETH-Rat er\u00f6ffnet Konsultation im ETH-Bereich zum Organisationsentwicklungsprojekt \u00abFIT for the Future\u00bb"}]},{"@type":"WebSite","@id":"https:\/\/ethrat.ch\/de\/#website","url":"https:\/\/ethrat.ch\/de\/","name":"ETH-Rat","description":"","publisher":{"@id":"https:\/\/ethrat.ch\/de\/#organization"},"potentialAction":[{"@type":"SearchAction","target":{"@type":"EntryPoint","urlTemplate":"https:\/\/ethrat.ch\/de\/?s={search_term_string}"},"query-input":{"@type":"PropertyValueSpecification","valueRequired":true,"valueName":"search_term_string"}}],"inLanguage":"de"},{"@type":"Organization","@id":"https:\/\/ethrat.ch\/de\/#organization","name":"ETH-Rat","url":"https:\/\/ethrat.ch\/de\/","logo":{"@type":"ImageObject","inLanguage":"de","@id":"https:\/\/ethrat.ch\/de\/#\/schema\/logo\/image\/","url":"https:\/\/ethrat.ch\/wp-content\/uploads\/2024\/04\/logo-white.svg","contentUrl":"https:\/\/ethrat.ch\/wp-content\/uploads\/2024\/04\/logo-white.svg","width":283,"height":81,"caption":"ETH-Rat"},"image":{"@id":"https:\/\/ethrat.ch\/de\/#\/schema\/logo\/image\/"},"sameAs":["https:\/\/x.com\/eth_rat","https:\/\/issuu.com\/ethrat","https:\/\/www.linkedin.com\/company\/eth-rat\/"]},{"@type":"Person","@id":"https:\/\/ethrat.ch\/de\/#\/schema\/person\/d9fefa0b5f78d403e1eadfd72e6d54b5","name":"Pierre-Pascal Baumann","image":{"@type":"ImageObject","inLanguage":"de","@id":"https:\/\/secure.gravatar.com\/avatar\/57f0ceca7019f472e31528a35525a6a509d37fccce88e802954ae2b81a61d08b?s=96&d=mm&r=g","url":"https:\/\/secure.gravatar.com\/avatar\/57f0ceca7019f472e31528a35525a6a509d37fccce88e802954ae2b81a61d08b?s=96&d=mm&r=g","contentUrl":"https:\/\/secure.gravatar.com\/avatar\/57f0ceca7019f472e31528a35525a6a509d37fccce88e802954ae2b81a61d08b?s=96&d=mm&r=g","caption":"Pierre-Pascal Baumann"},"url":"https:\/\/ethrat.ch\/de\/author\/pierre-baumannethrat-ch\/"}]}},"_links":{"self":[{"href":"https:\/\/ethrat.ch\/de\/wp-json\/wp\/v2\/posts\/57911","targetHints":{"allow":["GET"]}}],"collection":[{"href":"https:\/\/ethrat.ch\/de\/wp-json\/wp\/v2\/posts"}],"about":[{"href":"https:\/\/ethrat.ch\/de\/wp-json\/wp\/v2\/types\/post"}],"author":[{"embeddable":true,"href":"https:\/\/ethrat.ch\/de\/wp-json\/wp\/v2\/users\/11"}],"replies":[{"embeddable":true,"href":"https:\/\/ethrat.ch\/de\/wp-json\/wp\/v2\/comments?post=57911"}],"version-history":[{"count":3,"href":"https:\/\/ethrat.ch\/de\/wp-json\/wp\/v2\/posts\/57911\/revisions"}],"predecessor-version":[{"id":57951,"href":"https:\/\/ethrat.ch\/de\/wp-json\/wp\/v2\/posts\/57911\/revisions\/57951"}],"wp:attachment":[{"href":"https:\/\/ethrat.ch\/de\/wp-json\/wp\/v2\/media?parent=57911"}],"wp:term":[{"taxonomy":"category","embeddable":true,"href":"https:\/\/ethrat.ch\/de\/wp-json\/wp\/v2\/categories?post=57911"},{"taxonomy":"post_tag","embeddable":true,"href":"https:\/\/ethrat.ch\/de\/wp-json\/wp\/v2\/tags?post=57911"},{"taxonomy":"search-tag","embeddable":true,"href":"https:\/\/ethrat.ch\/de\/wp-json\/wp\/v2\/search-tag?post=57911"}],"curies":[{"name":"wp","href":"https:\/\/api.w.org\/{rel}","templated":true}]}}