{"id":57477,"date":"2026-01-28T09:50:47","date_gmt":"2026-01-28T08:50:47","guid":{"rendered":"https:\/\/ethrat.ch\/?p=57477"},"modified":"2026-01-29T09:59:11","modified_gmt":"2026-01-29T08:59:11","slug":"bundesrat-bestaetigt-tanja-zimmermann-als-direktorin-der-empa","status":"publish","type":"post","link":"https:\/\/ethrat.ch\/de\/bundesrat-bestaetigt-tanja-zimmermann-als-direktorin-der-empa\/","title":{"rendered":"Bundesrat best\u00e4tigt Tanja Zimmermann als Direktorin der Empa"},"content":{"rendered":"<p>Tanja Zimmermann hat die Empa in ihrer ersten Amtszeit strategisch und strukturell weiterentwickelt und die Zusammenarbeit mit den anderen Institutionen des ETH-Bereichs, ETH Z\u00fcrich, EPFL, PSI, WSL und Eawag, intensiviert. Unter ihrer Leitung konnte die Empa ihre Rolle als Innovationsmotor der Schweiz und Br\u00fcckenbauerin zwischen Wissenschaft, Wirtschaft und Gesellschaft in ihren zentralen Forschungsbereichen wie Energie- und Negativemissionstechnologien, Infrastruktur und gebaute Umwelt sowie Gesundheitstechnologien weiter st\u00e4rken.<\/p>\n<p>So wurden verschiedene interinstitutionelle Forschungsinitiativen lanciert, etwa um die Schweizer Halbleiterindustrie zu st\u00e4rken, um nachhaltige Alternativen f\u00fcr Materialien mit langlebigen \u00abProblem-Chemikalien\u00bb (wie PFAS) sowie skalierbare klimawirksame Technologien und Konzepte zu entwickeln und um das Problem der antibakteriellen Resistenz wirksam angehen zu k\u00f6nnen. Des Weiteren hat Tanja Zimmermann erfolgreich Sparmassnahmen umgesetzt und gleichzeitig die F\u00f6rderung junger Talente und Spin-offs aus der Empa intensiviert; so haben allein viboo, BTRY und Ionic Wind im letzten Quartal 2025 in diversen Finanzierungsrunden knapp CHF 10 Mio. an Investitionskapital eingeworben.<\/p>\n<p>Tanja Zimmermann promovierte 2007 an der Universit\u00e4t Hamburg. 2001 bis 2012 baute sie an der Empa in enger Zusammenarbeit mit der Industrie das Forschungsgebiet Zellulose-Nanokomposite auf. 2011 bis 2017 war sie Leiterin der Forschungsabteilung Angewandte Holzforschung. Ab Herbst 2017 war sie Direktionsmitglied und Leiterin des Departements Funktionale Materialien mit rund 200 Mitarbeitenden. Tanja Zimmermann ist Mitglied in verschiedenen nationalen und internationalen Gremien, darunter Pr\u00e4sidentin des Vorstands des glatec Business Incubators, Pr\u00e4sidentin des Stiftungsrats Technopark Z\u00fcrich, Senior Advisor im Beirat des Stockholm University Center for Circular and Sustainable Systems sowie Vorstandsmitglied des Center for Space and Aviation Schweiz und Liechtenstein.<\/p>\n<p><a href=\"https:\/\/www.news.admin.ch\/de\/newnsb\/wGjnRKsv0_0sHSzMJIBvi\" target=\"_blank\" rel=\"noopener\">Link zur Medienmitteilung des Bundesrats<\/a><\/p>\n","protected":false},"excerpt":{"rendered":"<p>Der Bundesrat hat am 28. Januar 2026 Professorin Tanja Zimmermann f\u00fcr eine weitere Amtsperiode von vier Jahren, vom 1. Juni 2026 bis am 31. Mai 2030, zur Direktorin der Empa gew\u00e4hlt.<\/p>\n","protected":false},"author":11,"featured_media":0,"comment_status":"closed","ping_status":"closed","sticky":false,"template":"","format":"standard","meta":{"_acf_changed":false,"footnotes":"","_links_to":"","_links_to_target":""},"categories":[263],"tags":[],"search-tag":[],"class_list":["post-57477","post","type-post","status-publish","format-standard","hentry","category-medienmitteilung"],"acf":[],"yoast_head":"<!-- This site is optimized with the Yoast SEO plugin v27.3 - https:\/\/yoast.com\/product\/yoast-seo-wordpress\/ -->\n<title>Bundesrat best\u00e4tigt Tanja Zimmermann als Direktorin der Empa - ETH-Rat<\/title>\n<meta name=\"robots\" content=\"index, follow, max-snippet:-1, max-image-preview:large, max-video-preview:-1\" \/>\n<link rel=\"canonical\" href=\"https:\/\/ethrat.ch\/de\/bundesrat-bestaetigt-tanja-zimmermann-als-direktorin-der-empa\/\" \/>\n<meta property=\"og:locale\" content=\"de_DE\" \/>\n<meta property=\"og:type\" content=\"article\" \/>\n<meta property=\"og:title\" content=\"Bundesrat best\u00e4tigt Tanja Zimmermann als Direktorin der Empa - ETH-Rat\" \/>\n<meta property=\"og:description\" content=\"Der Bundesrat hat am 28. Januar 2026 Professorin Tanja Zimmermann f\u00fcr eine weitere Amtsperiode von vier Jahren, vom 1. Juni 2026 bis am 31. Mai 2030, zur Direktorin der Empa gew\u00e4hlt.\" \/>\n<meta property=\"og:url\" content=\"https:\/\/ethrat.ch\/de\/bundesrat-bestaetigt-tanja-zimmermann-als-direktorin-der-empa\/\" \/>\n<meta property=\"og:site_name\" content=\"ETH-Rat\" \/>\n<meta property=\"article:published_time\" content=\"2026-01-28T08:50:47+00:00\" \/>\n<meta property=\"article:modified_time\" content=\"2026-01-29T08:59:11+00:00\" \/>\n<meta name=\"author\" content=\"Pierre-Pascal Baumann\" \/>\n<meta name=\"twitter:card\" content=\"summary_large_image\" \/>\n<meta name=\"twitter:creator\" content=\"@eth_rat\" \/>\n<meta name=\"twitter:site\" content=\"@eth_rat\" \/>\n<meta name=\"twitter:label1\" content=\"Verfasst von\" \/>\n\t<meta name=\"twitter:data1\" content=\"Pierre-Pascal Baumann\" \/>\n\t<meta name=\"twitter:label2\" content=\"Gesch\u00e4tzte Lesezeit\" \/>\n\t<meta name=\"twitter:data2\" content=\"2\u00a0Minuten\" \/>\n<script type=\"application\/ld+json\" class=\"yoast-schema-graph\">{\"@context\":\"https:\\\/\\\/schema.org\",\"@graph\":[{\"@type\":\"Article\",\"@id\":\"https:\\\/\\\/ethrat.ch\\\/de\\\/bundesrat-bestaetigt-tanja-zimmermann-als-direktorin-der-empa\\\/#article\",\"isPartOf\":{\"@id\":\"https:\\\/\\\/ethrat.ch\\\/de\\\/bundesrat-bestaetigt-tanja-zimmermann-als-direktorin-der-empa\\\/\"},\"author\":{\"name\":\"Pierre-Pascal Baumann\",\"@id\":\"https:\\\/\\\/ethrat.ch\\\/de\\\/#\\\/schema\\\/person\\\/d9fefa0b5f78d403e1eadfd72e6d54b5\"},\"headline\":\"Bundesrat best\u00e4tigt Tanja Zimmermann als Direktorin der Empa\",\"datePublished\":\"2026-01-28T08:50:47+00:00\",\"dateModified\":\"2026-01-29T08:59:11+00:00\",\"mainEntityOfPage\":{\"@id\":\"https:\\\/\\\/ethrat.ch\\\/de\\\/bundesrat-bestaetigt-tanja-zimmermann-als-direktorin-der-empa\\\/\"},\"wordCount\":264,\"publisher\":{\"@id\":\"https:\\\/\\\/ethrat.ch\\\/de\\\/#organization\"},\"articleSection\":[\"Medienmitteilung\"],\"inLanguage\":\"de\"},{\"@type\":\"WebPage\",\"@id\":\"https:\\\/\\\/ethrat.ch\\\/de\\\/bundesrat-bestaetigt-tanja-zimmermann-als-direktorin-der-empa\\\/\",\"url\":\"https:\\\/\\\/ethrat.ch\\\/de\\\/bundesrat-bestaetigt-tanja-zimmermann-als-direktorin-der-empa\\\/\",\"name\":\"Bundesrat best\u00e4tigt Tanja Zimmermann als Direktorin der Empa - ETH-Rat\",\"isPartOf\":{\"@id\":\"https:\\\/\\\/ethrat.ch\\\/de\\\/#website\"},\"datePublished\":\"2026-01-28T08:50:47+00:00\",\"dateModified\":\"2026-01-29T08:59:11+00:00\",\"breadcrumb\":{\"@id\":\"https:\\\/\\\/ethrat.ch\\\/de\\\/bundesrat-bestaetigt-tanja-zimmermann-als-direktorin-der-empa\\\/#breadcrumb\"},\"inLanguage\":\"de\",\"potentialAction\":[{\"@type\":\"ReadAction\",\"target\":[\"https:\\\/\\\/ethrat.ch\\\/de\\\/bundesrat-bestaetigt-tanja-zimmermann-als-direktorin-der-empa\\\/\"]}]},{\"@type\":\"BreadcrumbList\",\"@id\":\"https:\\\/\\\/ethrat.ch\\\/de\\\/bundesrat-bestaetigt-tanja-zimmermann-als-direktorin-der-empa\\\/#breadcrumb\",\"itemListElement\":[{\"@type\":\"ListItem\",\"position\":1,\"name\":\"Home\",\"item\":\"https:\\\/\\\/ethrat.ch\\\/de\\\/\"},{\"@type\":\"ListItem\",\"position\":2,\"name\":\"Bundesrat best\u00e4tigt Tanja Zimmermann als Direktorin der Empa\"}]},{\"@type\":\"WebSite\",\"@id\":\"https:\\\/\\\/ethrat.ch\\\/de\\\/#website\",\"url\":\"https:\\\/\\\/ethrat.ch\\\/de\\\/\",\"name\":\"ETH-Rat\",\"description\":\"\",\"publisher\":{\"@id\":\"https:\\\/\\\/ethrat.ch\\\/de\\\/#organization\"},\"potentialAction\":[{\"@type\":\"SearchAction\",\"target\":{\"@type\":\"EntryPoint\",\"urlTemplate\":\"https:\\\/\\\/ethrat.ch\\\/de\\\/?s={search_term_string}\"},\"query-input\":{\"@type\":\"PropertyValueSpecification\",\"valueRequired\":true,\"valueName\":\"search_term_string\"}}],\"inLanguage\":\"de\"},{\"@type\":\"Organization\",\"@id\":\"https:\\\/\\\/ethrat.ch\\\/de\\\/#organization\",\"name\":\"ETH-Rat\",\"url\":\"https:\\\/\\\/ethrat.ch\\\/de\\\/\",\"logo\":{\"@type\":\"ImageObject\",\"inLanguage\":\"de\",\"@id\":\"https:\\\/\\\/ethrat.ch\\\/de\\\/#\\\/schema\\\/logo\\\/image\\\/\",\"url\":\"https:\\\/\\\/ethrat.ch\\\/wp-content\\\/uploads\\\/2024\\\/04\\\/logo-white.svg\",\"contentUrl\":\"https:\\\/\\\/ethrat.ch\\\/wp-content\\\/uploads\\\/2024\\\/04\\\/logo-white.svg\",\"width\":283,\"height\":81,\"caption\":\"ETH-Rat\"},\"image\":{\"@id\":\"https:\\\/\\\/ethrat.ch\\\/de\\\/#\\\/schema\\\/logo\\\/image\\\/\"},\"sameAs\":[\"https:\\\/\\\/x.com\\\/eth_rat\",\"https:\\\/\\\/issuu.com\\\/ethrat\",\"https:\\\/\\\/www.linkedin.com\\\/company\\\/eth-rat\\\/\"]},{\"@type\":\"Person\",\"@id\":\"https:\\\/\\\/ethrat.ch\\\/de\\\/#\\\/schema\\\/person\\\/d9fefa0b5f78d403e1eadfd72e6d54b5\",\"name\":\"Pierre-Pascal Baumann\",\"image\":{\"@type\":\"ImageObject\",\"inLanguage\":\"de\",\"@id\":\"https:\\\/\\\/secure.gravatar.com\\\/avatar\\\/57f0ceca7019f472e31528a35525a6a509d37fccce88e802954ae2b81a61d08b?s=96&d=mm&r=g\",\"url\":\"https:\\\/\\\/secure.gravatar.com\\\/avatar\\\/57f0ceca7019f472e31528a35525a6a509d37fccce88e802954ae2b81a61d08b?s=96&d=mm&r=g\",\"contentUrl\":\"https:\\\/\\\/secure.gravatar.com\\\/avatar\\\/57f0ceca7019f472e31528a35525a6a509d37fccce88e802954ae2b81a61d08b?s=96&d=mm&r=g\",\"caption\":\"Pierre-Pascal Baumann\"},\"url\":\"https:\\\/\\\/ethrat.ch\\\/de\\\/author\\\/pierre-baumannethrat-ch\\\/\"}]}<\/script>\n<!-- \/ Yoast SEO plugin. -->","yoast_head_json":{"title":"Bundesrat best\u00e4tigt Tanja Zimmermann als Direktorin der Empa - ETH-Rat","robots":{"index":"index","follow":"follow","max-snippet":"max-snippet:-1","max-image-preview":"max-image-preview:large","max-video-preview":"max-video-preview:-1"},"canonical":"https:\/\/ethrat.ch\/de\/bundesrat-bestaetigt-tanja-zimmermann-als-direktorin-der-empa\/","og_locale":"de_DE","og_type":"article","og_title":"Bundesrat best\u00e4tigt Tanja Zimmermann als Direktorin der Empa - ETH-Rat","og_description":"Der Bundesrat hat am 28. Januar 2026 Professorin Tanja Zimmermann f\u00fcr eine weitere Amtsperiode von vier Jahren, vom 1. Juni 2026 bis am 31. Mai 2030, zur Direktorin der Empa gew\u00e4hlt.","og_url":"https:\/\/ethrat.ch\/de\/bundesrat-bestaetigt-tanja-zimmermann-als-direktorin-der-empa\/","og_site_name":"ETH-Rat","article_published_time":"2026-01-28T08:50:47+00:00","article_modified_time":"2026-01-29T08:59:11+00:00","author":"Pierre-Pascal Baumann","twitter_card":"summary_large_image","twitter_creator":"@eth_rat","twitter_site":"@eth_rat","twitter_misc":{"Verfasst von":"Pierre-Pascal Baumann","Gesch\u00e4tzte Lesezeit":"2\u00a0Minuten"},"schema":{"@context":"https:\/\/schema.org","@graph":[{"@type":"Article","@id":"https:\/\/ethrat.ch\/de\/bundesrat-bestaetigt-tanja-zimmermann-als-direktorin-der-empa\/#article","isPartOf":{"@id":"https:\/\/ethrat.ch\/de\/bundesrat-bestaetigt-tanja-zimmermann-als-direktorin-der-empa\/"},"author":{"name":"Pierre-Pascal Baumann","@id":"https:\/\/ethrat.ch\/de\/#\/schema\/person\/d9fefa0b5f78d403e1eadfd72e6d54b5"},"headline":"Bundesrat best\u00e4tigt Tanja Zimmermann als Direktorin der Empa","datePublished":"2026-01-28T08:50:47+00:00","dateModified":"2026-01-29T08:59:11+00:00","mainEntityOfPage":{"@id":"https:\/\/ethrat.ch\/de\/bundesrat-bestaetigt-tanja-zimmermann-als-direktorin-der-empa\/"},"wordCount":264,"publisher":{"@id":"https:\/\/ethrat.ch\/de\/#organization"},"articleSection":["Medienmitteilung"],"inLanguage":"de"},{"@type":"WebPage","@id":"https:\/\/ethrat.ch\/de\/bundesrat-bestaetigt-tanja-zimmermann-als-direktorin-der-empa\/","url":"https:\/\/ethrat.ch\/de\/bundesrat-bestaetigt-tanja-zimmermann-als-direktorin-der-empa\/","name":"Bundesrat best\u00e4tigt Tanja Zimmermann als Direktorin der Empa - ETH-Rat","isPartOf":{"@id":"https:\/\/ethrat.ch\/de\/#website"},"datePublished":"2026-01-28T08:50:47+00:00","dateModified":"2026-01-29T08:59:11+00:00","breadcrumb":{"@id":"https:\/\/ethrat.ch\/de\/bundesrat-bestaetigt-tanja-zimmermann-als-direktorin-der-empa\/#breadcrumb"},"inLanguage":"de","potentialAction":[{"@type":"ReadAction","target":["https:\/\/ethrat.ch\/de\/bundesrat-bestaetigt-tanja-zimmermann-als-direktorin-der-empa\/"]}]},{"@type":"BreadcrumbList","@id":"https:\/\/ethrat.ch\/de\/bundesrat-bestaetigt-tanja-zimmermann-als-direktorin-der-empa\/#breadcrumb","itemListElement":[{"@type":"ListItem","position":1,"name":"Home","item":"https:\/\/ethrat.ch\/de\/"},{"@type":"ListItem","position":2,"name":"Bundesrat best\u00e4tigt Tanja Zimmermann als Direktorin der Empa"}]},{"@type":"WebSite","@id":"https:\/\/ethrat.ch\/de\/#website","url":"https:\/\/ethrat.ch\/de\/","name":"ETH-Rat","description":"","publisher":{"@id":"https:\/\/ethrat.ch\/de\/#organization"},"potentialAction":[{"@type":"SearchAction","target":{"@type":"EntryPoint","urlTemplate":"https:\/\/ethrat.ch\/de\/?s={search_term_string}"},"query-input":{"@type":"PropertyValueSpecification","valueRequired":true,"valueName":"search_term_string"}}],"inLanguage":"de"},{"@type":"Organization","@id":"https:\/\/ethrat.ch\/de\/#organization","name":"ETH-Rat","url":"https:\/\/ethrat.ch\/de\/","logo":{"@type":"ImageObject","inLanguage":"de","@id":"https:\/\/ethrat.ch\/de\/#\/schema\/logo\/image\/","url":"https:\/\/ethrat.ch\/wp-content\/uploads\/2024\/04\/logo-white.svg","contentUrl":"https:\/\/ethrat.ch\/wp-content\/uploads\/2024\/04\/logo-white.svg","width":283,"height":81,"caption":"ETH-Rat"},"image":{"@id":"https:\/\/ethrat.ch\/de\/#\/schema\/logo\/image\/"},"sameAs":["https:\/\/x.com\/eth_rat","https:\/\/issuu.com\/ethrat","https:\/\/www.linkedin.com\/company\/eth-rat\/"]},{"@type":"Person","@id":"https:\/\/ethrat.ch\/de\/#\/schema\/person\/d9fefa0b5f78d403e1eadfd72e6d54b5","name":"Pierre-Pascal Baumann","image":{"@type":"ImageObject","inLanguage":"de","@id":"https:\/\/secure.gravatar.com\/avatar\/57f0ceca7019f472e31528a35525a6a509d37fccce88e802954ae2b81a61d08b?s=96&d=mm&r=g","url":"https:\/\/secure.gravatar.com\/avatar\/57f0ceca7019f472e31528a35525a6a509d37fccce88e802954ae2b81a61d08b?s=96&d=mm&r=g","contentUrl":"https:\/\/secure.gravatar.com\/avatar\/57f0ceca7019f472e31528a35525a6a509d37fccce88e802954ae2b81a61d08b?s=96&d=mm&r=g","caption":"Pierre-Pascal Baumann"},"url":"https:\/\/ethrat.ch\/de\/author\/pierre-baumannethrat-ch\/"}]}},"_links":{"self":[{"href":"https:\/\/ethrat.ch\/de\/wp-json\/wp\/v2\/posts\/57477","targetHints":{"allow":["GET"]}}],"collection":[{"href":"https:\/\/ethrat.ch\/de\/wp-json\/wp\/v2\/posts"}],"about":[{"href":"https:\/\/ethrat.ch\/de\/wp-json\/wp\/v2\/types\/post"}],"author":[{"embeddable":true,"href":"https:\/\/ethrat.ch\/de\/wp-json\/wp\/v2\/users\/11"}],"replies":[{"embeddable":true,"href":"https:\/\/ethrat.ch\/de\/wp-json\/wp\/v2\/comments?post=57477"}],"version-history":[{"count":0,"href":"https:\/\/ethrat.ch\/de\/wp-json\/wp\/v2\/posts\/57477\/revisions"}],"wp:attachment":[{"href":"https:\/\/ethrat.ch\/de\/wp-json\/wp\/v2\/media?parent=57477"}],"wp:term":[{"taxonomy":"category","embeddable":true,"href":"https:\/\/ethrat.ch\/de\/wp-json\/wp\/v2\/categories?post=57477"},{"taxonomy":"post_tag","embeddable":true,"href":"https:\/\/ethrat.ch\/de\/wp-json\/wp\/v2\/tags?post=57477"},{"taxonomy":"search-tag","embeddable":true,"href":"https:\/\/ethrat.ch\/de\/wp-json\/wp\/v2\/search-tag?post=57477"}],"curies":[{"name":"wp","href":"https:\/\/api.w.org\/{rel}","templated":true}]}}