{"id":56191,"date":"2025-11-10T15:00:31","date_gmt":"2025-11-10T14:00:31","guid":{"rendered":"https:\/\/ethrat.ch\/?p=56191"},"modified":"2025-11-10T12:29:51","modified_gmt":"2025-11-10T11:29:51","slug":"der-eth-rat-nimmt-mit-grosser-genugtuung-von-der-unterzeichnung-des-eu-programmabkommens-kenntnis","status":"publish","type":"post","link":"https:\/\/ethrat.ch\/de\/der-eth-rat-nimmt-mit-grosser-genugtuung-von-der-unterzeichnung-des-eu-programmabkommens-kenntnis\/","title":{"rendered":"Der ETH-Rat nimmt mit grosser Genugtuung von der Unterzeichnung des EU-Programmabkommens Kenntnis"},"content":{"rendered":"<p>Das EUPA-Abkommen und die entsprechenden Protokolle bilden ein wichtiges Element der Bilateralen III und gew\u00e4hrleisten eine Assoziierung der Schweiz an den gr\u00f6ssten und renommiertesten Programmen zur F\u00f6rderung von Forschung, Innovation und Bildung weltweit. Der ETH-Rat begr\u00fcsst diese Etappe in der Stabilisierung der bilateralen Beziehungen zwischen der Schweiz und der EU.<\/p>\n<p>Die Schweiz kann somit wieder mit den Mitgliedstaaten und den anderen assoziierten Drittstaaten mitdiskutieren, um die Ausrichtung der auf europ\u00e4ischer Ebene bis Ende 2027 unterst\u00fctzten Projekte zu bestimmen und den Rahmen der n\u00e4chsten EU-Programme ab 2028 zu definieren. Die Schweizer Forscherinnen und Forscher sowie Innovatorinnen und Innovatoren k\u00f6nnen nicht nur an praktisch allen M\u00f6glichkeiten von Horizon Europe, Euratom und Digital Europe teilnehmen, sie geniessen auch einen umfassenden Zugang zu den Projektausschreibungen der strategischen Bereiche (k\u00fcnstliche Intelligenz, Quantentechnologien, Kommunikation und Netzwerke sowie Raumfahrt). Sie k\u00f6nnen k\u00fcnftig Projekte leiten und koordinieren, die direkt durch die EU finanziert werden.<\/p>\n<p>Mit dieser Unterzeichnung erh\u00e4lt die Schweiz den Status eines assoziierten Drittstaates an den EU-Programmen und sichert sich eine r\u00fcckwirkende Assoziierung an Horizon Europe, Euratom und Digital Europe per 1. Januar 2025 sowie die Assoziierung an ITER ab 2026 und Erasmus+ ab 2027.<\/p>\n<p>Der ETH-Rat freut sich, dass die Assoziierung an den EU-Programmen nun best\u00e4tigt ist. Er ruft jedoch in Erinnerung, dass die Assoziierung an den n\u00e4chsten Programmen der EU ab 2028 nur m\u00f6glich ist, wenn die Bilateralen III vom Parlament und von der Schweizer Bev\u00f6lkerung unterst\u00fctzt werden.<\/p>\n<p>Eine Assoziierung an den EU-Programmen ist erg\u00e4nzend zu den Schweizer F\u00f6rderinstrumenten ein zentrales Element, um die internationale Wettbewerbsf\u00e4higkeit der Schweiz sicherzustellen. Der ETH-Rat ist \u00fcberzeugt, dass die St\u00e4rkung stabiler Beziehungen zwischen der Schweiz und der EU dank den Bilateralen III es erm\u00f6glichen wird, g\u00fcnstige Bedingungen f\u00fcr die Institutionen des ETH-Bereichs sowie f\u00fcr die gesamte Schweizer Forschungs- und Bildungslandschaft sicherzustellen.<\/p>\n","protected":false},"excerpt":{"rendered":"<p>Der ETH-Rat begr\u00fcsst die Unterzeichnung des EU-Programmabkommens (EUPA), das im Rahmen des Gesamtpakets der Bilateralen III zwischen der Schweiz und der EU ausgehandelt wurde. Er freut sich, dass die Schweiz k\u00fcnftig am Horizon-Paket assoziiert ist und erneut an der Umsetzung der EU-Programme teilnehmen kann.<\/p>\n","protected":false},"author":11,"featured_media":56205,"comment_status":"closed","ping_status":"closed","sticky":false,"template":"","format":"standard","meta":{"_acf_changed":false,"footnotes":"","_links_to":"","_links_to_target":""},"categories":[476],"tags":[],"search-tag":[],"class_list":["post-56191","post","type-post","status-publish","format-standard","has-post-thumbnail","hentry","category-stellungnahme"],"acf":[],"yoast_head":"<!-- This site is optimized with the Yoast SEO plugin v27.3 - https:\/\/yoast.com\/product\/yoast-seo-wordpress\/ -->\n<title>Der ETH-Rat nimmt mit grosser Genugtuung von der Unterzeichnung des EU-Programmabkommens Kenntnis - ETH-Rat<\/title>\n<meta name=\"robots\" content=\"index, follow, max-snippet:-1, max-image-preview:large, max-video-preview:-1\" \/>\n<link rel=\"canonical\" href=\"https:\/\/ethrat.ch\/de\/der-eth-rat-nimmt-mit-grosser-genugtuung-von-der-unterzeichnung-des-eu-programmabkommens-kenntnis\/\" \/>\n<meta property=\"og:locale\" content=\"de_DE\" \/>\n<meta property=\"og:type\" content=\"article\" \/>\n<meta property=\"og:title\" content=\"Der ETH-Rat nimmt mit grosser Genugtuung von der Unterzeichnung des EU-Programmabkommens Kenntnis - ETH-Rat\" \/>\n<meta property=\"og:description\" content=\"Der ETH-Rat begr\u00fcsst die Unterzeichnung des EU-Programmabkommens (EUPA), das im Rahmen des Gesamtpakets der Bilateralen III zwischen der Schweiz und der EU ausgehandelt wurde. Er freut sich, dass die Schweiz k\u00fcnftig am Horizon-Paket assoziiert ist und erneut an der Umsetzung der EU-Programme teilnehmen kann.\" \/>\n<meta property=\"og:url\" content=\"https:\/\/ethrat.ch\/de\/der-eth-rat-nimmt-mit-grosser-genugtuung-von-der-unterzeichnung-des-eu-programmabkommens-kenntnis\/\" \/>\n<meta property=\"og:site_name\" content=\"ETH-Rat\" \/>\n<meta property=\"article:published_time\" content=\"2025-11-10T14:00:31+00:00\" \/>\n<meta property=\"og:image\" content=\"https:\/\/ethrat.ch\/wp-content\/uploads\/2025\/11\/CH-UE-1.jpg\" \/>\n\t<meta property=\"og:image:width\" content=\"1000\" \/>\n\t<meta property=\"og:image:height\" content=\"621\" \/>\n\t<meta property=\"og:image:type\" content=\"image\/jpeg\" \/>\n<meta name=\"author\" content=\"Pierre-Pascal Baumann\" \/>\n<meta name=\"twitter:card\" content=\"summary_large_image\" \/>\n<meta name=\"twitter:creator\" content=\"@eth_rat\" \/>\n<meta name=\"twitter:site\" content=\"@eth_rat\" \/>\n<meta name=\"twitter:label1\" content=\"Verfasst von\" \/>\n\t<meta name=\"twitter:data1\" content=\"Pierre-Pascal Baumann\" \/>\n\t<meta name=\"twitter:label2\" content=\"Gesch\u00e4tzte Lesezeit\" \/>\n\t<meta name=\"twitter:data2\" content=\"2\u00a0Minuten\" \/>\n<script type=\"application\/ld+json\" class=\"yoast-schema-graph\">{\"@context\":\"https:\\\/\\\/schema.org\",\"@graph\":[{\"@type\":\"Article\",\"@id\":\"https:\\\/\\\/ethrat.ch\\\/de\\\/der-eth-rat-nimmt-mit-grosser-genugtuung-von-der-unterzeichnung-des-eu-programmabkommens-kenntnis\\\/#article\",\"isPartOf\":{\"@id\":\"https:\\\/\\\/ethrat.ch\\\/de\\\/der-eth-rat-nimmt-mit-grosser-genugtuung-von-der-unterzeichnung-des-eu-programmabkommens-kenntnis\\\/\"},\"author\":{\"name\":\"Pierre-Pascal Baumann\",\"@id\":\"https:\\\/\\\/ethrat.ch\\\/de\\\/#\\\/schema\\\/person\\\/d9fefa0b5f78d403e1eadfd72e6d54b5\"},\"headline\":\"Der ETH-Rat nimmt mit grosser Genugtuung von der Unterzeichnung des EU-Programmabkommens Kenntnis\",\"datePublished\":\"2025-11-10T14:00:31+00:00\",\"mainEntityOfPage\":{\"@id\":\"https:\\\/\\\/ethrat.ch\\\/de\\\/der-eth-rat-nimmt-mit-grosser-genugtuung-von-der-unterzeichnung-des-eu-programmabkommens-kenntnis\\\/\"},\"wordCount\":324,\"publisher\":{\"@id\":\"https:\\\/\\\/ethrat.ch\\\/de\\\/#organization\"},\"image\":{\"@id\":\"https:\\\/\\\/ethrat.ch\\\/de\\\/der-eth-rat-nimmt-mit-grosser-genugtuung-von-der-unterzeichnung-des-eu-programmabkommens-kenntnis\\\/#primaryimage\"},\"thumbnailUrl\":\"https:\\\/\\\/ethrat.ch\\\/wp-content\\\/uploads\\\/2025\\\/11\\\/CH-UE-1.jpg\",\"articleSection\":[\"Stellungnahme\"],\"inLanguage\":\"de\"},{\"@type\":\"WebPage\",\"@id\":\"https:\\\/\\\/ethrat.ch\\\/de\\\/der-eth-rat-nimmt-mit-grosser-genugtuung-von-der-unterzeichnung-des-eu-programmabkommens-kenntnis\\\/\",\"url\":\"https:\\\/\\\/ethrat.ch\\\/de\\\/der-eth-rat-nimmt-mit-grosser-genugtuung-von-der-unterzeichnung-des-eu-programmabkommens-kenntnis\\\/\",\"name\":\"Der ETH-Rat nimmt mit grosser Genugtuung von der Unterzeichnung des EU-Programmabkommens Kenntnis - ETH-Rat\",\"isPartOf\":{\"@id\":\"https:\\\/\\\/ethrat.ch\\\/de\\\/#website\"},\"primaryImageOfPage\":{\"@id\":\"https:\\\/\\\/ethrat.ch\\\/de\\\/der-eth-rat-nimmt-mit-grosser-genugtuung-von-der-unterzeichnung-des-eu-programmabkommens-kenntnis\\\/#primaryimage\"},\"image\":{\"@id\":\"https:\\\/\\\/ethrat.ch\\\/de\\\/der-eth-rat-nimmt-mit-grosser-genugtuung-von-der-unterzeichnung-des-eu-programmabkommens-kenntnis\\\/#primaryimage\"},\"thumbnailUrl\":\"https:\\\/\\\/ethrat.ch\\\/wp-content\\\/uploads\\\/2025\\\/11\\\/CH-UE-1.jpg\",\"datePublished\":\"2025-11-10T14:00:31+00:00\",\"breadcrumb\":{\"@id\":\"https:\\\/\\\/ethrat.ch\\\/de\\\/der-eth-rat-nimmt-mit-grosser-genugtuung-von-der-unterzeichnung-des-eu-programmabkommens-kenntnis\\\/#breadcrumb\"},\"inLanguage\":\"de\",\"potentialAction\":[{\"@type\":\"ReadAction\",\"target\":[\"https:\\\/\\\/ethrat.ch\\\/de\\\/der-eth-rat-nimmt-mit-grosser-genugtuung-von-der-unterzeichnung-des-eu-programmabkommens-kenntnis\\\/\"]}]},{\"@type\":\"ImageObject\",\"inLanguage\":\"de\",\"@id\":\"https:\\\/\\\/ethrat.ch\\\/de\\\/der-eth-rat-nimmt-mit-grosser-genugtuung-von-der-unterzeichnung-des-eu-programmabkommens-kenntnis\\\/#primaryimage\",\"url\":\"https:\\\/\\\/ethrat.ch\\\/wp-content\\\/uploads\\\/2025\\\/11\\\/CH-UE-1.jpg\",\"contentUrl\":\"https:\\\/\\\/ethrat.ch\\\/wp-content\\\/uploads\\\/2025\\\/11\\\/CH-UE-1.jpg\",\"width\":1000,\"height\":621,\"caption\":\"Flags of Switzerland and European Union fly together at the state border.\"},{\"@type\":\"BreadcrumbList\",\"@id\":\"https:\\\/\\\/ethrat.ch\\\/de\\\/der-eth-rat-nimmt-mit-grosser-genugtuung-von-der-unterzeichnung-des-eu-programmabkommens-kenntnis\\\/#breadcrumb\",\"itemListElement\":[{\"@type\":\"ListItem\",\"position\":1,\"name\":\"Home\",\"item\":\"https:\\\/\\\/ethrat.ch\\\/de\\\/\"},{\"@type\":\"ListItem\",\"position\":2,\"name\":\"Der ETH-Rat nimmt mit grosser Genugtuung von der Unterzeichnung des EU-Programmabkommens Kenntnis\"}]},{\"@type\":\"WebSite\",\"@id\":\"https:\\\/\\\/ethrat.ch\\\/de\\\/#website\",\"url\":\"https:\\\/\\\/ethrat.ch\\\/de\\\/\",\"name\":\"ETH-Rat\",\"description\":\"\",\"publisher\":{\"@id\":\"https:\\\/\\\/ethrat.ch\\\/de\\\/#organization\"},\"potentialAction\":[{\"@type\":\"SearchAction\",\"target\":{\"@type\":\"EntryPoint\",\"urlTemplate\":\"https:\\\/\\\/ethrat.ch\\\/de\\\/?s={search_term_string}\"},\"query-input\":{\"@type\":\"PropertyValueSpecification\",\"valueRequired\":true,\"valueName\":\"search_term_string\"}}],\"inLanguage\":\"de\"},{\"@type\":\"Organization\",\"@id\":\"https:\\\/\\\/ethrat.ch\\\/de\\\/#organization\",\"name\":\"ETH-Rat\",\"url\":\"https:\\\/\\\/ethrat.ch\\\/de\\\/\",\"logo\":{\"@type\":\"ImageObject\",\"inLanguage\":\"de\",\"@id\":\"https:\\\/\\\/ethrat.ch\\\/de\\\/#\\\/schema\\\/logo\\\/image\\\/\",\"url\":\"https:\\\/\\\/ethrat.ch\\\/wp-content\\\/uploads\\\/2024\\\/04\\\/logo-white.svg\",\"contentUrl\":\"https:\\\/\\\/ethrat.ch\\\/wp-content\\\/uploads\\\/2024\\\/04\\\/logo-white.svg\",\"width\":283,\"height\":81,\"caption\":\"ETH-Rat\"},\"image\":{\"@id\":\"https:\\\/\\\/ethrat.ch\\\/de\\\/#\\\/schema\\\/logo\\\/image\\\/\"},\"sameAs\":[\"https:\\\/\\\/x.com\\\/eth_rat\",\"https:\\\/\\\/issuu.com\\\/ethrat\",\"https:\\\/\\\/www.linkedin.com\\\/company\\\/eth-rat\\\/\"]},{\"@type\":\"Person\",\"@id\":\"https:\\\/\\\/ethrat.ch\\\/de\\\/#\\\/schema\\\/person\\\/d9fefa0b5f78d403e1eadfd72e6d54b5\",\"name\":\"Pierre-Pascal Baumann\",\"image\":{\"@type\":\"ImageObject\",\"inLanguage\":\"de\",\"@id\":\"https:\\\/\\\/secure.gravatar.com\\\/avatar\\\/57f0ceca7019f472e31528a35525a6a509d37fccce88e802954ae2b81a61d08b?s=96&d=mm&r=g\",\"url\":\"https:\\\/\\\/secure.gravatar.com\\\/avatar\\\/57f0ceca7019f472e31528a35525a6a509d37fccce88e802954ae2b81a61d08b?s=96&d=mm&r=g\",\"contentUrl\":\"https:\\\/\\\/secure.gravatar.com\\\/avatar\\\/57f0ceca7019f472e31528a35525a6a509d37fccce88e802954ae2b81a61d08b?s=96&d=mm&r=g\",\"caption\":\"Pierre-Pascal Baumann\"},\"url\":\"https:\\\/\\\/ethrat.ch\\\/de\\\/author\\\/pierre-baumannethrat-ch\\\/\"}]}<\/script>\n<!-- \/ Yoast SEO plugin. -->","yoast_head_json":{"title":"Der ETH-Rat nimmt mit grosser Genugtuung von der Unterzeichnung des EU-Programmabkommens Kenntnis - ETH-Rat","robots":{"index":"index","follow":"follow","max-snippet":"max-snippet:-1","max-image-preview":"max-image-preview:large","max-video-preview":"max-video-preview:-1"},"canonical":"https:\/\/ethrat.ch\/de\/der-eth-rat-nimmt-mit-grosser-genugtuung-von-der-unterzeichnung-des-eu-programmabkommens-kenntnis\/","og_locale":"de_DE","og_type":"article","og_title":"Der ETH-Rat nimmt mit grosser Genugtuung von der Unterzeichnung des EU-Programmabkommens Kenntnis - ETH-Rat","og_description":"Der ETH-Rat begr\u00fcsst die Unterzeichnung des EU-Programmabkommens (EUPA), das im Rahmen des Gesamtpakets der Bilateralen III zwischen der Schweiz und der EU ausgehandelt wurde. Er freut sich, dass die Schweiz k\u00fcnftig am Horizon-Paket assoziiert ist und erneut an der Umsetzung der EU-Programme teilnehmen kann.","og_url":"https:\/\/ethrat.ch\/de\/der-eth-rat-nimmt-mit-grosser-genugtuung-von-der-unterzeichnung-des-eu-programmabkommens-kenntnis\/","og_site_name":"ETH-Rat","article_published_time":"2025-11-10T14:00:31+00:00","og_image":[{"width":1000,"height":621,"url":"https:\/\/ethrat.ch\/wp-content\/uploads\/2025\/11\/CH-UE-1.jpg","type":"image\/jpeg"}],"author":"Pierre-Pascal Baumann","twitter_card":"summary_large_image","twitter_creator":"@eth_rat","twitter_site":"@eth_rat","twitter_misc":{"Verfasst von":"Pierre-Pascal Baumann","Gesch\u00e4tzte Lesezeit":"2\u00a0Minuten"},"schema":{"@context":"https:\/\/schema.org","@graph":[{"@type":"Article","@id":"https:\/\/ethrat.ch\/de\/der-eth-rat-nimmt-mit-grosser-genugtuung-von-der-unterzeichnung-des-eu-programmabkommens-kenntnis\/#article","isPartOf":{"@id":"https:\/\/ethrat.ch\/de\/der-eth-rat-nimmt-mit-grosser-genugtuung-von-der-unterzeichnung-des-eu-programmabkommens-kenntnis\/"},"author":{"name":"Pierre-Pascal Baumann","@id":"https:\/\/ethrat.ch\/de\/#\/schema\/person\/d9fefa0b5f78d403e1eadfd72e6d54b5"},"headline":"Der ETH-Rat nimmt mit grosser Genugtuung von der Unterzeichnung des EU-Programmabkommens Kenntnis","datePublished":"2025-11-10T14:00:31+00:00","mainEntityOfPage":{"@id":"https:\/\/ethrat.ch\/de\/der-eth-rat-nimmt-mit-grosser-genugtuung-von-der-unterzeichnung-des-eu-programmabkommens-kenntnis\/"},"wordCount":324,"publisher":{"@id":"https:\/\/ethrat.ch\/de\/#organization"},"image":{"@id":"https:\/\/ethrat.ch\/de\/der-eth-rat-nimmt-mit-grosser-genugtuung-von-der-unterzeichnung-des-eu-programmabkommens-kenntnis\/#primaryimage"},"thumbnailUrl":"https:\/\/ethrat.ch\/wp-content\/uploads\/2025\/11\/CH-UE-1.jpg","articleSection":["Stellungnahme"],"inLanguage":"de"},{"@type":"WebPage","@id":"https:\/\/ethrat.ch\/de\/der-eth-rat-nimmt-mit-grosser-genugtuung-von-der-unterzeichnung-des-eu-programmabkommens-kenntnis\/","url":"https:\/\/ethrat.ch\/de\/der-eth-rat-nimmt-mit-grosser-genugtuung-von-der-unterzeichnung-des-eu-programmabkommens-kenntnis\/","name":"Der ETH-Rat nimmt mit grosser Genugtuung von der Unterzeichnung des EU-Programmabkommens Kenntnis - ETH-Rat","isPartOf":{"@id":"https:\/\/ethrat.ch\/de\/#website"},"primaryImageOfPage":{"@id":"https:\/\/ethrat.ch\/de\/der-eth-rat-nimmt-mit-grosser-genugtuung-von-der-unterzeichnung-des-eu-programmabkommens-kenntnis\/#primaryimage"},"image":{"@id":"https:\/\/ethrat.ch\/de\/der-eth-rat-nimmt-mit-grosser-genugtuung-von-der-unterzeichnung-des-eu-programmabkommens-kenntnis\/#primaryimage"},"thumbnailUrl":"https:\/\/ethrat.ch\/wp-content\/uploads\/2025\/11\/CH-UE-1.jpg","datePublished":"2025-11-10T14:00:31+00:00","breadcrumb":{"@id":"https:\/\/ethrat.ch\/de\/der-eth-rat-nimmt-mit-grosser-genugtuung-von-der-unterzeichnung-des-eu-programmabkommens-kenntnis\/#breadcrumb"},"inLanguage":"de","potentialAction":[{"@type":"ReadAction","target":["https:\/\/ethrat.ch\/de\/der-eth-rat-nimmt-mit-grosser-genugtuung-von-der-unterzeichnung-des-eu-programmabkommens-kenntnis\/"]}]},{"@type":"ImageObject","inLanguage":"de","@id":"https:\/\/ethrat.ch\/de\/der-eth-rat-nimmt-mit-grosser-genugtuung-von-der-unterzeichnung-des-eu-programmabkommens-kenntnis\/#primaryimage","url":"https:\/\/ethrat.ch\/wp-content\/uploads\/2025\/11\/CH-UE-1.jpg","contentUrl":"https:\/\/ethrat.ch\/wp-content\/uploads\/2025\/11\/CH-UE-1.jpg","width":1000,"height":621,"caption":"Flags of Switzerland and European Union fly together at the state border."},{"@type":"BreadcrumbList","@id":"https:\/\/ethrat.ch\/de\/der-eth-rat-nimmt-mit-grosser-genugtuung-von-der-unterzeichnung-des-eu-programmabkommens-kenntnis\/#breadcrumb","itemListElement":[{"@type":"ListItem","position":1,"name":"Home","item":"https:\/\/ethrat.ch\/de\/"},{"@type":"ListItem","position":2,"name":"Der ETH-Rat nimmt mit grosser Genugtuung von der Unterzeichnung des EU-Programmabkommens Kenntnis"}]},{"@type":"WebSite","@id":"https:\/\/ethrat.ch\/de\/#website","url":"https:\/\/ethrat.ch\/de\/","name":"ETH-Rat","description":"","publisher":{"@id":"https:\/\/ethrat.ch\/de\/#organization"},"potentialAction":[{"@type":"SearchAction","target":{"@type":"EntryPoint","urlTemplate":"https:\/\/ethrat.ch\/de\/?s={search_term_string}"},"query-input":{"@type":"PropertyValueSpecification","valueRequired":true,"valueName":"search_term_string"}}],"inLanguage":"de"},{"@type":"Organization","@id":"https:\/\/ethrat.ch\/de\/#organization","name":"ETH-Rat","url":"https:\/\/ethrat.ch\/de\/","logo":{"@type":"ImageObject","inLanguage":"de","@id":"https:\/\/ethrat.ch\/de\/#\/schema\/logo\/image\/","url":"https:\/\/ethrat.ch\/wp-content\/uploads\/2024\/04\/logo-white.svg","contentUrl":"https:\/\/ethrat.ch\/wp-content\/uploads\/2024\/04\/logo-white.svg","width":283,"height":81,"caption":"ETH-Rat"},"image":{"@id":"https:\/\/ethrat.ch\/de\/#\/schema\/logo\/image\/"},"sameAs":["https:\/\/x.com\/eth_rat","https:\/\/issuu.com\/ethrat","https:\/\/www.linkedin.com\/company\/eth-rat\/"]},{"@type":"Person","@id":"https:\/\/ethrat.ch\/de\/#\/schema\/person\/d9fefa0b5f78d403e1eadfd72e6d54b5","name":"Pierre-Pascal Baumann","image":{"@type":"ImageObject","inLanguage":"de","@id":"https:\/\/secure.gravatar.com\/avatar\/57f0ceca7019f472e31528a35525a6a509d37fccce88e802954ae2b81a61d08b?s=96&d=mm&r=g","url":"https:\/\/secure.gravatar.com\/avatar\/57f0ceca7019f472e31528a35525a6a509d37fccce88e802954ae2b81a61d08b?s=96&d=mm&r=g","contentUrl":"https:\/\/secure.gravatar.com\/avatar\/57f0ceca7019f472e31528a35525a6a509d37fccce88e802954ae2b81a61d08b?s=96&d=mm&r=g","caption":"Pierre-Pascal Baumann"},"url":"https:\/\/ethrat.ch\/de\/author\/pierre-baumannethrat-ch\/"}]}},"_links":{"self":[{"href":"https:\/\/ethrat.ch\/de\/wp-json\/wp\/v2\/posts\/56191","targetHints":{"allow":["GET"]}}],"collection":[{"href":"https:\/\/ethrat.ch\/de\/wp-json\/wp\/v2\/posts"}],"about":[{"href":"https:\/\/ethrat.ch\/de\/wp-json\/wp\/v2\/types\/post"}],"author":[{"embeddable":true,"href":"https:\/\/ethrat.ch\/de\/wp-json\/wp\/v2\/users\/11"}],"replies":[{"embeddable":true,"href":"https:\/\/ethrat.ch\/de\/wp-json\/wp\/v2\/comments?post=56191"}],"version-history":[{"count":0,"href":"https:\/\/ethrat.ch\/de\/wp-json\/wp\/v2\/posts\/56191\/revisions"}],"wp:featuredmedia":[{"embeddable":true,"href":"https:\/\/ethrat.ch\/de\/wp-json\/wp\/v2\/media\/56205"}],"wp:attachment":[{"href":"https:\/\/ethrat.ch\/de\/wp-json\/wp\/v2\/media?parent=56191"}],"wp:term":[{"taxonomy":"category","embeddable":true,"href":"https:\/\/ethrat.ch\/de\/wp-json\/wp\/v2\/categories?post=56191"},{"taxonomy":"post_tag","embeddable":true,"href":"https:\/\/ethrat.ch\/de\/wp-json\/wp\/v2\/tags?post=56191"},{"taxonomy":"search-tag","embeddable":true,"href":"https:\/\/ethrat.ch\/de\/wp-json\/wp\/v2\/search-tag?post=56191"}],"curies":[{"name":"wp","href":"https:\/\/api.w.org\/{rel}","templated":true}]}}