{"id":54644,"date":"2025-09-18T15:23:44","date_gmt":"2025-09-18T13:23:44","guid":{"rendered":"https:\/\/ethrat.ch\/?p=54644"},"modified":"2025-09-18T15:23:44","modified_gmt":"2025-09-18T13:23:44","slug":"effy-vayena-neues-mitglied-der-schulleitung-der-eth-zuerich","status":"publish","type":"post","link":"https:\/\/ethrat.ch\/de\/effy-vayena-neues-mitglied-der-schulleitung-der-eth-zuerich\/","title":{"rendered":"Effy Vayena neues Mitglied der Schulleitung der ETH Z\u00fcrich"},"content":{"rendered":"<h3>Prof. Dr. Eftychia Vayena neues Mitglied der Schulleitung der ETH Z\u00fcrich<\/h3>\n<p>Auf Antrag des Pr\u00e4sidenten der ETH Z\u00fcrich, Prof. Dr. Jo\u00ebl Mesot, ernennt der ETH-Rat Prof. Dr. Eftychia (Effy) Vayena zum neuen Mitglied der Schulleitung der ETH Z\u00fcrich. Sie tritt am 1. Januar 2026 die Nachfolge von Prof. Dr. Vanessa Wood als Vizepr\u00e4sidentin f\u00fcr Wissenstransfer und Wirtschaftsbeziehungen an.<\/p>\n<p>Effy Vayena ist eine der weltweit f\u00fchrenden Expertinnen im Zusammenhang mit der Digitalisierung im Gesundheitswesen sowie Datengovernance und Governance neuer Technologien allgemein. F\u00fcr ihre Arbeiten erhielt sie zahlreiche Auszeichnungen. Effy Vayena ist seit 2017 ordentliche Professorin f\u00fcr Bioethik an der ETH Z\u00fcrich. Sie verf\u00fcgt \u00fcber sehr breite Erfahrungen in nationalen und internationalen Kooperationen und war bereits in verschiedenen universit\u00e4ren und nicht-universit\u00e4ren Funktionen und Gremien in der Schweiz und international t\u00e4tig.<strong>\u00a0<\/strong><\/p>\n<h3>Organisationsentwicklung im ETH-Bereich: ETH-Rat l\u00e4sst weitere Varianten ausarbeiten<\/h3>\n<p>Der ETH-Rat strebt eine engere Zusammenarbeit und eine verst\u00e4rkte Koordination im ETH-Bereich an. Dieser soll insk\u00fcnftig aus drei starken strategischen Pfeilern bestehen: der ETH Z\u00fcrich, der EPFL und den vier Forschungsanstalten unter einem gemeinsamen Dach. W\u00e4hrend die Etablierung dieses dritten Pfeilers inhaltlich breit mitgetragen wird, gibt es aus dem Kreis der Forschungsanstalten Vorbehalte gegen\u00fcber der Absicht, als Dach eine gemeinsame Rechtspers\u00f6nlichkeit vorzusehen.<\/p>\n<p>Der ETH-Rat nimmt diese R\u00fcckmeldungen sehr ernst und ber\u00fccksichtigt sie in seinen strategischen \u00dcberlegungen und konzeptionellen Arbeiten. Um den Vorbehalten der Forschungsanstalten zu begegnen, l\u00e4sst der ETH-Rat aktuell einen alternativen Weg erarbeiten. Dieser soll aufzeigen, wie das gemeinsam beschlossene Ziel erreicht und die Zusammenarbeit der Forschungsanstalten verbindlich gest\u00e4rkt werden kann, ohne zwingend die Zusammenf\u00fchrung unter einer Rechtspers\u00f6nlichkeit vorzusehen. Nun hat der ETH-Rat einen ersten Alternativvorschlag der Direktorin und der Direktoren der vier Forschungsanstalten diskutiert. Er hat sie beauftragt, diesen weiter auszuarbeiten und zu konkretisieren. Voraussichtlich Ende Jahr wird der ETH-Rat entscheiden, mit welcher bzw. welchen Varianten er die Anh\u00f6rung im ETH-Bereich durchf\u00fchren m\u00f6chte. Best\u00e4tigt wurde weiter die Absicht, die Pr\u00e4senz in der Romandie mit einer \u00abDigital Unit\u00bb zu st\u00e4rken sowie die Standorte und Brands der Forschungsanstalten, die von grossem Wert und bei den Stakeholdern sehr bekannt sind, beizubehalten.<em>\u00a0<\/em><\/p>\n<h3>Der ETH-Rat unterst\u00fctzt die Bilateralen III<\/h3>\n<p>Der ETH-Rat unterst\u00fctzt das Ziel des Bundesrates, den bilateralen Weg mittels des verhandelten Abkommenpakets weiterzuverfolgen. Er hat sich im Rahmen der Vernehmlassung entsprechend eingebracht (<a href=\"https:\/\/ethrat.ch\/de\/vernehmlassung-zu-den-ergebnissen-der-verhandlung-schweiz-eu\/\">s. Stellungnahme vom 10. September<\/a>). Durch das Gesamtpaket der Bilateralen III wird die wissenschaftliche und wirtschaftliche Zusammenarbeit mit der EU gest\u00e4rkt. Stabile und geregelte Beziehungen mit der EU sind essenziell, um die wissenschaftliche Exzellenz zu erhalten, die Innovation zu f\u00f6rdern und die internationale Wettbewerbsf\u00e4higkeit der Schweiz weiter zu verbessern. Das Paket der Bilateralen III bietet einen harmonisierten Rechtsrahmen, der f\u00fcr die akademische Zusammenarbeit, die Mobilit\u00e4t von Talenten und die Investitionen in die grenz\u00fcberschreitende Forschung unabdingbar ist.<\/p>\n<h3>Lohngleichheitsanalyse im ETH-Bereich<\/h3>\n<p>Im Jahr 2025 f\u00fchrte ein externes Beratungsunternehmen bei den Institutionen des ETH-Bereichs eine Analyse der Lohngleichheit durch. Gem\u00e4ss deren Resultaten gibt es keine statistisch relevanten Differenzen bei den L\u00f6hnen zwischen den Geschlechtern. Damit wurde die Analyse der Lohngleichheit aus dem Jahr 2020\/ 2021 best\u00e4tigt. Dieses erfreuliche Ergebnis zeigt, dass im ETH-Bereich die Chancengleichheit und der Grundsatz \u00abgleicher Lohn f\u00fcr gleiche Arbeit\u00bb umgesetzt wird. Die Institutionen des ETH-Bereichs lassen periodisch eine Lohngleichheitsanalyse durchf\u00fchren.<\/p>\n","protected":false},"excerpt":{"rendered":"<p>Der ETH-Rat hat Prof. Dr. Eftychia Vayena zum Mitglied der Schulleitung der ETH Z\u00fcrich ernannt. Zudem hat er im Rahmen des Organisationsentwicklungsprojekts FIT for the Future einen alternativen Vorschlag der Forschungsanstalten zur Kenntnis genommen und diese beauftragt, ihn weiter auszuarbeiten.<\/p>\n","protected":false},"author":11,"featured_media":0,"comment_status":"closed","ping_status":"closed","sticky":false,"template":"","format":"standard","meta":{"_acf_changed":false,"footnotes":"","_links_to":"","_links_to_target":""},"categories":[263],"tags":[],"search-tag":[],"class_list":["post-54644","post","type-post","status-publish","format-standard","hentry","category-medienmitteilung"],"acf":[],"yoast_head":"<!-- This site is optimized with the Yoast SEO plugin v27.3 - https:\/\/yoast.com\/product\/yoast-seo-wordpress\/ -->\n<title>Effy Vayena neues Mitglied der Schulleitung der ETH Z\u00fcrich - ETH-Rat<\/title>\n<meta name=\"robots\" content=\"index, follow, max-snippet:-1, max-image-preview:large, max-video-preview:-1\" \/>\n<link rel=\"canonical\" href=\"https:\/\/ethrat.ch\/de\/effy-vayena-neues-mitglied-der-schulleitung-der-eth-zuerich\/\" \/>\n<meta property=\"og:locale\" content=\"de_DE\" \/>\n<meta property=\"og:type\" content=\"article\" \/>\n<meta property=\"og:title\" content=\"Effy Vayena neues Mitglied der Schulleitung der ETH Z\u00fcrich - ETH-Rat\" \/>\n<meta property=\"og:description\" content=\"Der ETH-Rat hat Prof. Dr. Eftychia Vayena zum Mitglied der Schulleitung der ETH Z\u00fcrich ernannt. Zudem hat er im Rahmen des Organisationsentwicklungsprojekts FIT for the Future einen alternativen Vorschlag der Forschungsanstalten zur Kenntnis genommen und diese beauftragt, ihn weiter auszuarbeiten.\" \/>\n<meta property=\"og:url\" content=\"https:\/\/ethrat.ch\/de\/effy-vayena-neues-mitglied-der-schulleitung-der-eth-zuerich\/\" \/>\n<meta property=\"og:site_name\" content=\"ETH-Rat\" \/>\n<meta property=\"article:published_time\" content=\"2025-09-18T13:23:44+00:00\" \/>\n<meta name=\"author\" content=\"Pierre-Pascal Baumann\" \/>\n<meta name=\"twitter:card\" content=\"summary_large_image\" \/>\n<meta name=\"twitter:creator\" content=\"@eth_rat\" \/>\n<meta name=\"twitter:site\" content=\"@eth_rat\" \/>\n<meta name=\"twitter:label1\" content=\"Verfasst von\" \/>\n\t<meta name=\"twitter:data1\" content=\"Pierre-Pascal Baumann\" \/>\n\t<meta name=\"twitter:label2\" content=\"Gesch\u00e4tzte Lesezeit\" \/>\n\t<meta name=\"twitter:data2\" content=\"3\u00a0Minuten\" \/>\n<script type=\"application\/ld+json\" class=\"yoast-schema-graph\">{\"@context\":\"https:\\\/\\\/schema.org\",\"@graph\":[{\"@type\":\"Article\",\"@id\":\"https:\\\/\\\/ethrat.ch\\\/de\\\/effy-vayena-neues-mitglied-der-schulleitung-der-eth-zuerich\\\/#article\",\"isPartOf\":{\"@id\":\"https:\\\/\\\/ethrat.ch\\\/de\\\/effy-vayena-neues-mitglied-der-schulleitung-der-eth-zuerich\\\/\"},\"author\":{\"name\":\"Pierre-Pascal Baumann\",\"@id\":\"https:\\\/\\\/ethrat.ch\\\/de\\\/#\\\/schema\\\/person\\\/d9fefa0b5f78d403e1eadfd72e6d54b5\"},\"headline\":\"Effy Vayena neues Mitglied der Schulleitung der ETH Z\u00fcrich\",\"datePublished\":\"2025-09-18T13:23:44+00:00\",\"mainEntityOfPage\":{\"@id\":\"https:\\\/\\\/ethrat.ch\\\/de\\\/effy-vayena-neues-mitglied-der-schulleitung-der-eth-zuerich\\\/\"},\"wordCount\":568,\"publisher\":{\"@id\":\"https:\\\/\\\/ethrat.ch\\\/de\\\/#organization\"},\"articleSection\":[\"Medienmitteilung\"],\"inLanguage\":\"de\"},{\"@type\":\"WebPage\",\"@id\":\"https:\\\/\\\/ethrat.ch\\\/de\\\/effy-vayena-neues-mitglied-der-schulleitung-der-eth-zuerich\\\/\",\"url\":\"https:\\\/\\\/ethrat.ch\\\/de\\\/effy-vayena-neues-mitglied-der-schulleitung-der-eth-zuerich\\\/\",\"name\":\"Effy Vayena neues Mitglied der Schulleitung der ETH Z\u00fcrich - ETH-Rat\",\"isPartOf\":{\"@id\":\"https:\\\/\\\/ethrat.ch\\\/de\\\/#website\"},\"datePublished\":\"2025-09-18T13:23:44+00:00\",\"breadcrumb\":{\"@id\":\"https:\\\/\\\/ethrat.ch\\\/de\\\/effy-vayena-neues-mitglied-der-schulleitung-der-eth-zuerich\\\/#breadcrumb\"},\"inLanguage\":\"de\",\"potentialAction\":[{\"@type\":\"ReadAction\",\"target\":[\"https:\\\/\\\/ethrat.ch\\\/de\\\/effy-vayena-neues-mitglied-der-schulleitung-der-eth-zuerich\\\/\"]}]},{\"@type\":\"BreadcrumbList\",\"@id\":\"https:\\\/\\\/ethrat.ch\\\/de\\\/effy-vayena-neues-mitglied-der-schulleitung-der-eth-zuerich\\\/#breadcrumb\",\"itemListElement\":[{\"@type\":\"ListItem\",\"position\":1,\"name\":\"Home\",\"item\":\"https:\\\/\\\/ethrat.ch\\\/de\\\/\"},{\"@type\":\"ListItem\",\"position\":2,\"name\":\"Effy Vayena neues Mitglied der Schulleitung der ETH Z\u00fcrich\"}]},{\"@type\":\"WebSite\",\"@id\":\"https:\\\/\\\/ethrat.ch\\\/de\\\/#website\",\"url\":\"https:\\\/\\\/ethrat.ch\\\/de\\\/\",\"name\":\"ETH-Rat\",\"description\":\"\",\"publisher\":{\"@id\":\"https:\\\/\\\/ethrat.ch\\\/de\\\/#organization\"},\"potentialAction\":[{\"@type\":\"SearchAction\",\"target\":{\"@type\":\"EntryPoint\",\"urlTemplate\":\"https:\\\/\\\/ethrat.ch\\\/de\\\/?s={search_term_string}\"},\"query-input\":{\"@type\":\"PropertyValueSpecification\",\"valueRequired\":true,\"valueName\":\"search_term_string\"}}],\"inLanguage\":\"de\"},{\"@type\":\"Organization\",\"@id\":\"https:\\\/\\\/ethrat.ch\\\/de\\\/#organization\",\"name\":\"ETH-Rat\",\"url\":\"https:\\\/\\\/ethrat.ch\\\/de\\\/\",\"logo\":{\"@type\":\"ImageObject\",\"inLanguage\":\"de\",\"@id\":\"https:\\\/\\\/ethrat.ch\\\/de\\\/#\\\/schema\\\/logo\\\/image\\\/\",\"url\":\"https:\\\/\\\/ethrat.ch\\\/wp-content\\\/uploads\\\/2024\\\/04\\\/logo-white.svg\",\"contentUrl\":\"https:\\\/\\\/ethrat.ch\\\/wp-content\\\/uploads\\\/2024\\\/04\\\/logo-white.svg\",\"width\":283,\"height\":81,\"caption\":\"ETH-Rat\"},\"image\":{\"@id\":\"https:\\\/\\\/ethrat.ch\\\/de\\\/#\\\/schema\\\/logo\\\/image\\\/\"},\"sameAs\":[\"https:\\\/\\\/x.com\\\/eth_rat\",\"https:\\\/\\\/issuu.com\\\/ethrat\",\"https:\\\/\\\/www.linkedin.com\\\/company\\\/eth-rat\\\/\"]},{\"@type\":\"Person\",\"@id\":\"https:\\\/\\\/ethrat.ch\\\/de\\\/#\\\/schema\\\/person\\\/d9fefa0b5f78d403e1eadfd72e6d54b5\",\"name\":\"Pierre-Pascal Baumann\",\"image\":{\"@type\":\"ImageObject\",\"inLanguage\":\"de\",\"@id\":\"https:\\\/\\\/secure.gravatar.com\\\/avatar\\\/57f0ceca7019f472e31528a35525a6a509d37fccce88e802954ae2b81a61d08b?s=96&d=mm&r=g\",\"url\":\"https:\\\/\\\/secure.gravatar.com\\\/avatar\\\/57f0ceca7019f472e31528a35525a6a509d37fccce88e802954ae2b81a61d08b?s=96&d=mm&r=g\",\"contentUrl\":\"https:\\\/\\\/secure.gravatar.com\\\/avatar\\\/57f0ceca7019f472e31528a35525a6a509d37fccce88e802954ae2b81a61d08b?s=96&d=mm&r=g\",\"caption\":\"Pierre-Pascal Baumann\"},\"url\":\"https:\\\/\\\/ethrat.ch\\\/de\\\/author\\\/pierre-baumannethrat-ch\\\/\"}]}<\/script>\n<!-- \/ Yoast SEO plugin. -->","yoast_head_json":{"title":"Effy Vayena neues Mitglied der Schulleitung der ETH Z\u00fcrich - ETH-Rat","robots":{"index":"index","follow":"follow","max-snippet":"max-snippet:-1","max-image-preview":"max-image-preview:large","max-video-preview":"max-video-preview:-1"},"canonical":"https:\/\/ethrat.ch\/de\/effy-vayena-neues-mitglied-der-schulleitung-der-eth-zuerich\/","og_locale":"de_DE","og_type":"article","og_title":"Effy Vayena neues Mitglied der Schulleitung der ETH Z\u00fcrich - ETH-Rat","og_description":"Der ETH-Rat hat Prof. Dr. Eftychia Vayena zum Mitglied der Schulleitung der ETH Z\u00fcrich ernannt. Zudem hat er im Rahmen des Organisationsentwicklungsprojekts FIT for the Future einen alternativen Vorschlag der Forschungsanstalten zur Kenntnis genommen und diese beauftragt, ihn weiter auszuarbeiten.","og_url":"https:\/\/ethrat.ch\/de\/effy-vayena-neues-mitglied-der-schulleitung-der-eth-zuerich\/","og_site_name":"ETH-Rat","article_published_time":"2025-09-18T13:23:44+00:00","author":"Pierre-Pascal Baumann","twitter_card":"summary_large_image","twitter_creator":"@eth_rat","twitter_site":"@eth_rat","twitter_misc":{"Verfasst von":"Pierre-Pascal Baumann","Gesch\u00e4tzte Lesezeit":"3\u00a0Minuten"},"schema":{"@context":"https:\/\/schema.org","@graph":[{"@type":"Article","@id":"https:\/\/ethrat.ch\/de\/effy-vayena-neues-mitglied-der-schulleitung-der-eth-zuerich\/#article","isPartOf":{"@id":"https:\/\/ethrat.ch\/de\/effy-vayena-neues-mitglied-der-schulleitung-der-eth-zuerich\/"},"author":{"name":"Pierre-Pascal Baumann","@id":"https:\/\/ethrat.ch\/de\/#\/schema\/person\/d9fefa0b5f78d403e1eadfd72e6d54b5"},"headline":"Effy Vayena neues Mitglied der Schulleitung der ETH Z\u00fcrich","datePublished":"2025-09-18T13:23:44+00:00","mainEntityOfPage":{"@id":"https:\/\/ethrat.ch\/de\/effy-vayena-neues-mitglied-der-schulleitung-der-eth-zuerich\/"},"wordCount":568,"publisher":{"@id":"https:\/\/ethrat.ch\/de\/#organization"},"articleSection":["Medienmitteilung"],"inLanguage":"de"},{"@type":"WebPage","@id":"https:\/\/ethrat.ch\/de\/effy-vayena-neues-mitglied-der-schulleitung-der-eth-zuerich\/","url":"https:\/\/ethrat.ch\/de\/effy-vayena-neues-mitglied-der-schulleitung-der-eth-zuerich\/","name":"Effy Vayena neues Mitglied der Schulleitung der ETH Z\u00fcrich - ETH-Rat","isPartOf":{"@id":"https:\/\/ethrat.ch\/de\/#website"},"datePublished":"2025-09-18T13:23:44+00:00","breadcrumb":{"@id":"https:\/\/ethrat.ch\/de\/effy-vayena-neues-mitglied-der-schulleitung-der-eth-zuerich\/#breadcrumb"},"inLanguage":"de","potentialAction":[{"@type":"ReadAction","target":["https:\/\/ethrat.ch\/de\/effy-vayena-neues-mitglied-der-schulleitung-der-eth-zuerich\/"]}]},{"@type":"BreadcrumbList","@id":"https:\/\/ethrat.ch\/de\/effy-vayena-neues-mitglied-der-schulleitung-der-eth-zuerich\/#breadcrumb","itemListElement":[{"@type":"ListItem","position":1,"name":"Home","item":"https:\/\/ethrat.ch\/de\/"},{"@type":"ListItem","position":2,"name":"Effy Vayena neues Mitglied der Schulleitung der ETH Z\u00fcrich"}]},{"@type":"WebSite","@id":"https:\/\/ethrat.ch\/de\/#website","url":"https:\/\/ethrat.ch\/de\/","name":"ETH-Rat","description":"","publisher":{"@id":"https:\/\/ethrat.ch\/de\/#organization"},"potentialAction":[{"@type":"SearchAction","target":{"@type":"EntryPoint","urlTemplate":"https:\/\/ethrat.ch\/de\/?s={search_term_string}"},"query-input":{"@type":"PropertyValueSpecification","valueRequired":true,"valueName":"search_term_string"}}],"inLanguage":"de"},{"@type":"Organization","@id":"https:\/\/ethrat.ch\/de\/#organization","name":"ETH-Rat","url":"https:\/\/ethrat.ch\/de\/","logo":{"@type":"ImageObject","inLanguage":"de","@id":"https:\/\/ethrat.ch\/de\/#\/schema\/logo\/image\/","url":"https:\/\/ethrat.ch\/wp-content\/uploads\/2024\/04\/logo-white.svg","contentUrl":"https:\/\/ethrat.ch\/wp-content\/uploads\/2024\/04\/logo-white.svg","width":283,"height":81,"caption":"ETH-Rat"},"image":{"@id":"https:\/\/ethrat.ch\/de\/#\/schema\/logo\/image\/"},"sameAs":["https:\/\/x.com\/eth_rat","https:\/\/issuu.com\/ethrat","https:\/\/www.linkedin.com\/company\/eth-rat\/"]},{"@type":"Person","@id":"https:\/\/ethrat.ch\/de\/#\/schema\/person\/d9fefa0b5f78d403e1eadfd72e6d54b5","name":"Pierre-Pascal Baumann","image":{"@type":"ImageObject","inLanguage":"de","@id":"https:\/\/secure.gravatar.com\/avatar\/57f0ceca7019f472e31528a35525a6a509d37fccce88e802954ae2b81a61d08b?s=96&d=mm&r=g","url":"https:\/\/secure.gravatar.com\/avatar\/57f0ceca7019f472e31528a35525a6a509d37fccce88e802954ae2b81a61d08b?s=96&d=mm&r=g","contentUrl":"https:\/\/secure.gravatar.com\/avatar\/57f0ceca7019f472e31528a35525a6a509d37fccce88e802954ae2b81a61d08b?s=96&d=mm&r=g","caption":"Pierre-Pascal Baumann"},"url":"https:\/\/ethrat.ch\/de\/author\/pierre-baumannethrat-ch\/"}]}},"_links":{"self":[{"href":"https:\/\/ethrat.ch\/de\/wp-json\/wp\/v2\/posts\/54644","targetHints":{"allow":["GET"]}}],"collection":[{"href":"https:\/\/ethrat.ch\/de\/wp-json\/wp\/v2\/posts"}],"about":[{"href":"https:\/\/ethrat.ch\/de\/wp-json\/wp\/v2\/types\/post"}],"author":[{"embeddable":true,"href":"https:\/\/ethrat.ch\/de\/wp-json\/wp\/v2\/users\/11"}],"replies":[{"embeddable":true,"href":"https:\/\/ethrat.ch\/de\/wp-json\/wp\/v2\/comments?post=54644"}],"version-history":[{"count":0,"href":"https:\/\/ethrat.ch\/de\/wp-json\/wp\/v2\/posts\/54644\/revisions"}],"wp:attachment":[{"href":"https:\/\/ethrat.ch\/de\/wp-json\/wp\/v2\/media?parent=54644"}],"wp:term":[{"taxonomy":"category","embeddable":true,"href":"https:\/\/ethrat.ch\/de\/wp-json\/wp\/v2\/categories?post=54644"},{"taxonomy":"post_tag","embeddable":true,"href":"https:\/\/ethrat.ch\/de\/wp-json\/wp\/v2\/tags?post=54644"},{"taxonomy":"search-tag","embeddable":true,"href":"https:\/\/ethrat.ch\/de\/wp-json\/wp\/v2\/search-tag?post=54644"}],"curies":[{"name":"wp","href":"https:\/\/api.w.org\/{rel}","templated":true}]}}