{"id":53402,"date":"2025-07-11T08:54:37","date_gmt":"2025-07-11T06:54:37","guid":{"rendered":"https:\/\/ethrat.ch\/?p=53402"},"modified":"2025-07-14T14:39:56","modified_gmt":"2025-07-14T12:39:56","slug":"ernennungen-juli-25","status":"publish","type":"post","link":"https:\/\/ethrat.ch\/de\/ernennungen-juli-25\/","title":{"rendered":"Wechsel in der Schulleitung der ETH Z\u00fcrich sowie  14 Professorinnen und Professoren an den beiden ETH ernannt"},"content":{"rendered":"<p>Prof. Dr. Vanessa Wood, Vizepr\u00e4sidentin f\u00fcr Wissenstransfer und Wirtschafts\u00adbeziehungen, wird per Ende Dezember 2025 aus der Schulleitung der ETH Z\u00fcrich zur\u00fccktreten und die Leitung ihres Forschungsteams im Departement Informationstechnologie und Elektrotechnik weiterf\u00fchren. Der ETH-Rat dankt Vanessa Wood f\u00fcr ihr erfolgreiches Wirken und zahlreiche nachhaltige Beitr\u00e4ge zur Entwicklung der ETH Z\u00fcrich. Sie hat ihr Amt im damals neu gegr\u00fcndeten Vizepr\u00e4sidium im Jahr 2021 angetreten. Unter ihrer F\u00fchrung st\u00e4rkte die ETH Z\u00fcrich die Zusammenarbeit mit \u00f6ffentlichen und privaten Partnern massgeblich und schuf ein unternehmerisches \u00d6kosystem. Sie initiierte und implementierte innovative Programme, Richtlinien und digitale Tools, um die Zusammenarbeit zwischen der ETH Z\u00fcrich, der Wirtschaft und der \u00f6ffentlichen Hand zu vereinfachen. Dieses Engagement erh\u00f6ht den Einfluss der ETH-Forschung in der Schweiz und international. Zus\u00e4tzlich hat sie die Grundlage gelegt, um interdisziplin\u00e4re Zentren und damit die Spitzenposition der ETH Z\u00fcrich in Forschung, Lehre und Innovation bei verschiedenen \u00fcbergreifenden Themen zu st\u00e4rken. Dazu geh\u00f6ren auch die Schaffung der ETH School of Public Policy und von ETH Z\u00fcrich | Space, welche sie aktiv vorangetrieben hat.<\/p>\n<h2>Neuernennungen ETH Z\u00fcrich<\/h2>\n<p><strong>Prof. Dr. Anne-Ruxandra Carvunis <\/strong>(*1981), zurzeit ausserordentliche Professorin an der University of Pittsburgh, USA, zur ordentlichen Professorin f\u00fcr Genom-Evolution am Departement Biologie. Anne-Ruxandra Carvunis forscht im Bereich der Systembiologie und Genomik. Ihre vielfach ausgezeichnete Arbeit konzentriert sich auf die Erforschung der Entstehung und Evolution neuer Gene. Dabei nutzt sie interdisziplin\u00e4re Ans\u00e4tze einschliesslich Computermodellierung und experimenteller Methoden. Anne-Ruxandra Carvunis geniesst als Wissenschaftlerin international ein hohes Ansehen. Sie engagiert sich in hohem Masse f\u00fcr die Forschungsgemeinschaft und ist sehr erfolgreich im Einwerben von Drittmitteln. Durch ihre Berufung st\u00e4rken das Departement und die ETH Z\u00fcrich nachhaltig die Forschung und Lehre im Bereich der evolution\u00e4ren Systembiologie.<strong>\u00a0<\/strong><\/p>\n<p><strong>Dr. Christin Kosse <\/strong>(*1989), zurzeit Postdoktorandin an der Rockefeller University in New York, USA, zur Tenure-Track-Assistenzprofessorin f\u00fcr Stoffwechsel, Verhalten und Krankheitsmechanismen am Departement Biologie. Christin Kosses besonderes Interesse gilt dem Verst\u00e4ndnis, wie das Gehirn sensorische Signale \u00fcber den Energiezustand des K\u00f6rpers in Essverhalten umwandelt. Um dieser Frage nachzugehen, setzt sie modernste Methoden ein, um neue Populationen von Nervenzellen, die mit der Nahrungsaufnahme in Verbindung stehen, zu identifizieren und ihre Funktion aufzukl\u00e4ren. Mit der Berufung von Christin Kosse verst\u00e4rkt das Departement die Verbindungen zwischen den Forschungsbereichen Stoffwechsel, Verhaltensbiologie, Nahrung, Ern\u00e4hrung und Gesundheit sowie den Neurowissenschaften. Zudem ergeben sich wichtige Synergien mit dem Departement Gesundheitswissenschaften und Technologie sowie mit der Klinik f\u00fcr Endokrinologie, Diabetologie und Klinische Ern\u00e4hrung am Universit\u00e4tsspital Z\u00fcrich.<\/p>\n<p><strong>Prof. Dr. Lars Lindemann<\/strong> (*1989), zurzeit Assistenzprofessor an der University of Southern California in Santa Monica, USA, zum Tenure-Track-Assistenzprofessor f\u00fcr Algorithmische Systemtheorie am Departement Informationstechnologie und Elektrotechnik. Lars Lindemanns mehrfach ausgezeichnete Forschung konzentriert sich auf die Entwicklung von mathematischen Methoden in der Regelungstechnik und Formalen Verifizierung sowie deren algorithmische Implementierung in autonomen und cyber-physischen Systemen. Die Ergebnisse seiner Arbeit werden zum Beispiel in der Robotik oder beim autonomen Fahren angewendet. Mit der Berufung von Lars Lindemann verst\u00e4rkt das Departement die Forschungsbereiche der Systemtheorie, Regelungstechnik und der rechnergest\u00fctzten Wissenschaften sowie die intradepartementalen Verbindungen in der Robotik und Informatik.<\/p>\n<p><strong>Prof. Dr. Seulgi Moon <\/strong>(*1983), zurzeit ausserordentliche Professorin an der University of California in Los Angeles, USA, zur ausserordentlichen Professorin f\u00fcr Dynamik der Erdoberfl\u00e4che am Departement Erd- und Planetenwissenschaften. Seulgi Moons Forschungsschwerpunkt liegt auf der Geomorphologie, der Untersuchung von Oberfl\u00e4chenprozessen sowie der Landschaftsentwicklung auf der Erde und anderen Planeten. Sie leistete Pionierarbeit bei der Frage, wie sich topografischer Stress auf eine Kaskade von Oberfl\u00e4chenprozessen auswirkt. Mit der Ernennung von Seulgi Moon st\u00e4rkt das Departement sein Engagement f\u00fcr innovative Ans\u00e4tze zur Vermittlung quantitativer F\u00e4higkeiten im gesamten Lehrplan und baut die interdepartementalen Verbindungen zum Labor f\u00fcr Ionenstrahlphysik und zum Institut f\u00fcr Terrestrische \u00d6kosysteme am Departement Umweltsystemwissenschaften weiter aus.<\/p>\n<p><strong>Aisling O\u2019Carroll<\/strong> (*1986), zurzeit Doktorandin und Dozentin am University College London, Grossbritannien, zur Tenure-Track-Assistenzprofessorin f\u00fcr Landschaftsarchitektur und Geohistorische Praxis am Departement Architektur. Die Forschung von Aisling O\u2019Carroll ist grundlagenorientiert und besch\u00e4ftigt sich mit der Theorie und den Methoden der Landschaftsarchitektur angesichts der dr\u00e4ngenden Klima- und Umweltver\u00e4nderungen unserer Zeit. Sie entwickelt Theorien und Methoden, welche die rigorose Geschichts- und Theorieforschung mit dem Einsatz digitaler Technologien, mit Repr\u00e4sentation und den Herausforderungen der Designpraxis verbinden. Mit der Berufung von Aisling O\u2019Carroll verst\u00e4rkt das Departement den Bereich der Landschaftsarchitektur und erweitert das disziplin\u00e4re Profil um grundlegende Forschung in Geschichte, Theorie und Entwurfsmethodik.<strong>\u00a0<\/strong><\/p>\n<h2>Bef\u00f6rderungen ETH Z\u00fcrich<\/h2>\n<p><strong>Prof. Dr. Yiwen Chu <\/strong>(*1986), zurzeit Tenure-Track-Assistenzprofessorin an der ETH Z\u00fcrich, zur ausserordentlichen Professorin f\u00fcr Hybride Quantensysteme am Departement Physik. Yiwen Chus Forschung konzentriert sich auf die Entwicklung hybrider Quantenger\u00e4te zur Kontrolle der Quantenzust\u00e4nde in mechanischen Festk\u00f6rpersystemen, die mit optischen und Mikrowellenfeldern gekoppelt sind. Sie wurde unter anderem mit einem ERC Starting Grant und dem Latsis-Preis der ETH Z\u00fcrich ausgezeichnet. Die Erforschung der Physik an der Schnittstelle mechanischer und optischer Systeme wird mit grosser Wahrscheinlichkeit zu neuen Ph\u00e4nomenen und Perspektiven sowie einem besseren Verst\u00e4ndnis der Quantenwelt f\u00fchren. Mit der Berufung von Yiwen Chu erh\u00e4lt sich das Departement eine brillante Forscherin und internationale F\u00fchrungspers\u00f6nlichkeit, die die Grenzen auf ihrem Gebiet verschiebt.\u00a0<strong>\u00a0<\/strong><\/p>\n<p><strong>Prof. Dr. Rachel Grange <\/strong>(*1976), zurzeit ausserordentliche Professorin an der ETH Z\u00fcrich, zur ordentlichen Professorin f\u00fcr Photonik am Departement Physik. Rachel Grange ist eine international erfolgreiche Spitzenforscherin. F\u00fcr ihre Leistungen auf dem Gebiet der nichtlinearen Optik und der integrierten Photonik, insbesondere f\u00fcr die Verwendung dielektrischer und elektrooptischer Materialien auf der Nanoskala, wurde sie unter anderem mit zwei ERC Grants und einem SNSF Consolidator Grant ausgezeichnet. Ihr Forschungsgebiet liegt an der Schnittstelle von Physik, Elektrotechnik und Materialwissenschaften. Rachel Grange h\u00e4lt drei Patente und ist in mehreren Gremien engagiert. An der ETH Z\u00fcrich ist sie stellvertretende Departementsvorsteherin, ab August 2025 wird sie Vorsteherin des Departements Physik.<strong>\u00a0<\/strong><\/p>\n<p><strong>Prof. Dr. Ferdinand von Meyenn<\/strong> (*1981), zurzeit Tenure-Track-Assistenzprofessor an der ETH Z\u00fcrich, zum ausserordentlichen Professor f\u00fcr Epigenetik, Ern\u00e4hrung und Stoffwechsel am Departement Gesundheitswissenschaften und Technologie. Ferdinand von Meyenn forscht zur komplexen Beziehung zwischen Ern\u00e4hrung, Stoffwechsel und dem Epigenom. Er hat die ETH Z\u00fcrich in diesem sich rasch entwickelnden Bereich als f\u00fchrend positioniert. Seine Forschung hat weitreichende Auswirkungen f\u00fcr das Verst\u00e4ndnis der menschlichen Gesundheit, Krankheit und Alterung und wurde unter anderem mit einem ERC Starting Grant und einem ERC Advanced Grant ausgezeichnet. Mit der Berufung von Ferdinand von Meyenn erh\u00e4lt sich das Departement einen ausgezeichneten Forscher und gesch\u00e4tzten Kollegen, dessen Arbeit zur Entwicklung neuer Anwendungen in der regenerativen Medizin beitragen wird.<\/p>\n<h2>Neuernennungen EPFL<strong>\u00a0<\/strong><\/h2>\n<p><strong>Prof. Aziza Chaouni <\/strong>(*1977), zurzeit ausserordentliche Professorin an der University of Toronto, Kanada, zur Tenure-Track-Assistenzprofessorin f\u00fcr Architektur und nachhaltiges Bauen an der Fakult\u00e4t f\u00fcr Architektur, Bau und Umweltingenieurwissenschaften. Aziza Chaouni gilt als f\u00fchrende Expertin f\u00fcr nachhaltige Architektur und Gestaltung in L\u00e4ndern des S\u00fcdens, insbesondere in Regionen mit begrenzten Ressourcen und oft schwierigen Umwelt\u00adbe\u00addin\u00adgungen. Sie konzentriert sich auf die Entwicklung innovativer, kosteng\u00fcnstiger und thermisch effizienter Bauweisen sowie auf Strategien zur adaptiven Wiederverwendung moderner Baudenkm\u00e4ler in Afrika. Die Arbeiten von Aziza Chaouni wurden mehrfach ausgezeichnet und international ausgestellt. An der EPFL wird sie einen wichtigen Beitrag zur Ausbildung von Architektinnen und Architekten sowie zu einem f\u00fcr die Gesellschaft \u00e4usserst wichtigen Forschungsthema leisten.<strong>\u00a0<\/strong><\/p>\n<p><strong>Dr. Rachel Huang <\/strong>(*1996), zurzeit Postdoktorandin an der University of Texas in Austin, USA, zur Tenure-Track-Assistenzprofessorin f\u00fcr Chemieingenieurwesen an der Fakult\u00e4t f\u00fcr Grundlagenwissenschaften. Rachel Huang ist Expertin f\u00fcr Polymerwissenschaften f\u00fcr Anwendungen im Energiebereich. Ihre Forschung konzentriert sich auf die chemische Entwicklung und Charakterisierung neuer Materialien zur Verbesserung der Sicherheit und Nachhaltigkeit von Lithiumbatterien sowie auf die Modellierung der Elektrochemie an Elektroden-Elektrolyt-Grenzfl\u00e4chen. Ihr Forschungsprogramm zur Verbesserung der Oxidationsbest\u00e4ndigkeit und des Recyclingpotenzials von Batteriekomponenten wird eine Vorreiterrolle bei den weltweiten Bem\u00fchungen zur Erreichung der CO<sub>2<\/sub>-Neutralit\u00e4tsziele einnehmen. Sie ist eine sehr kreative Wissenschaftlerin, deren Forschung mehrfach ausgezeichnet wurde. Durch die Ernennung von Rachel Huang st\u00e4rkt die EPFL ihren Ruf als f\u00fchrende Forschungsinstitution im Bereich nachhaltige Energie.<strong>\u00a0<\/strong><\/p>\n<p><strong>Prof. Dr. Daniel McCurry <\/strong>(*1988), zurzeit ausserordentlicher Professor an der University of Southern California in Los Angeles, USA, zum ausserordentlichen Professor f\u00fcr Wasser- und Abwasserchemie an der Fakult\u00e4t f\u00fcr Architektur, Bau und Umweltingenieurwissenschaften. Daniel McCurry ist ein erstklassiger Forscher und Lehrer im Bereich Umweltingenieurwesen mit Schwerpunkt Umweltchemie. Sein Forschungsschwerpunkt liegt im Bereich der Wasseraufbereitung, insbesondere durch oxidative Verfahren. Als anerkannter Experte f\u00fcr Desinfektionsnebenprodukte und Trinkwasseraufbereitung bringt er sein in Kalifornien gewonnenes wertvolles Fachwissen nach Europa mit. Daniel McCurry \u00fcbernimmt die Professur als gemeinsame Stelle der EPFL und der Eawag. Seine Ernennung wird die Zusammenarbeit zwischen den beiden Institutionen st\u00e4rken und dank seiner Erfahrung die Beziehungen zu den Umweltbeh\u00f6rden und der Wasserwirtschaft in der Schweiz festigen.<\/p>\n<p><strong>Dr. Paloma Navarro Negredo<\/strong> (*1989), zurzeit Postdoktorandin an der Stanford University, USA, zur Tenure-Track-Assistenzprofessorin f\u00fcr Life Sciences an der Fakult\u00e4t f\u00fcr Lebenswissenschaften. Paloma Navarro Negredo forscht im Bereich der Neurowissenschaften zum Alterungsprozesses des Gehirns, insbesondere auf zellul\u00e4rer Ebene, und hat grundlegende Erkenntnisse f\u00fcr das molekulare Verst\u00e4ndnis der Gehirnalterung gewonnen. F\u00fcr ihr innovatives Forschungsprogramm nutzt sie hochmoderne Methoden sowie interdisziplin\u00e4re Ans\u00e4tze. Mit diesen Eigenschaften ist Paloma Navarro Negredo eine Bereicherung f\u00fcr die EPFL. Ihre Forschungen zu T-Zellen und Entz\u00fcndungen im alternden Gehirn f\u00f6rdern zudem auf ideale Weise die Verbindung zwischen den Forschungsgruppen im Bereich Neurowissenschaften und -technologien und den Laboren des Global Health Institute der EPFL.<\/p>\n<h2>Bef\u00f6rderungen EPFL<strong>\u00a0<\/strong><\/h2>\n<p><strong>Prof. Dr. Katrin Beyer <\/strong>(*1977), zurzeit ausserordentliche Professorin an der EPFL, zur ordentlichen Professorin f\u00fcr Bauingenieurwesen an der Fakult\u00e4t f\u00fcr Architektur, Bau und Umweltingenieurwissenschaften. Katrin Beyer ist eine international anerkannte Autorit\u00e4t auf dem Gebiet des Erdbebeningenieurwesensmit besonderem Schwerpunkt auf Mauerwerks\u00adkonstruktionen. Ihre Forschung konzentriert sich auf das Erdbebenverhalten von unbewehrtem Mauerwerk, insbesondere bei historischen Bauwerken. Durch die Kombination von gross angelegten experimentellen Tests mit fortschrittlicher numerischer Modellierung hat sie ihr Labor als weltweit f\u00fchrend in der Erdbebenforschung an unbewehrten Mauerwerkskonstruktionen etabliert. \u00dcber ihre Forschungsleistungen hinausengagiert sich Katrin Beyer in vorbildlicher Weise f\u00fcr die Fakult\u00e4t und die EPFL, seit Januar 2024 ist sie Dekanin der Fakult\u00e4t.<strong>\u00a0<\/strong><\/p>\n<p><strong>Prof. Dr. Jamie Paik<\/strong> (*1979), zurzeit ausserordentliche Professorin an der EPFL, zur ordentlichen Professorin f\u00fcr Maschinenbau an der Fakult\u00e4t f\u00fcr Ingenieurwissenschaften. Jamie Paik ist Expertin auf dem Gebiet der Softrobotik mit neuartigen konfigurierbaren Strukturen und Aktuatoren. Sie leitet das Reconfigurable Robotics Laboratory (RRL) an der EPFL und ist bekannt f\u00fcr ihre bahnbrechende Forschung zu selbstverformenden Robogami (Roboter-Origami), die ihre ebene Form durch Falten in vordefinierten Mustern und Sequenzen in 2D oder 3D verwandeln, genau wie die Papierkunst Origami. Ein besonderer Schwerpunkt ihrer Forschung liegt auf haptischen Technologien mit mehreren Freiheitsgraden, die subtile Bewegungen interpretieren und feine taktile Empfindungen reproduzieren k\u00f6nnen. Durch ihre Aktivit\u00e4ten tr\u00e4gt Jamie Paik zur St\u00e4rkung der innovativen Forschung der EPFL im Bereich der Robotik bei.<\/p>\n<h2>Verleihung des Titels \u00abProfessor of Practice\u00bb an der ETH Z\u00fcrich<\/h2>\n<p><strong>\u00a0<\/strong><strong>Dr. Hermann Patrick Braess<\/strong> (*1979), zurzeit Technischer Direktor sowie Leiter Forschung und Entwicklung der TrackNet Holding Gruppe (Tensol Rail SA und EFSA SA), zum Professor of Practice am Departement Bau, Umwelt und Geomatik. Hermann Patrick Braess ist ein angesehener Experte f\u00fcr Eisenbahninfrastrukturen, wobei sein Werdegang eine Br\u00fccke zwischen rigoroser wissenschaftlicher Forschung und praktischer technischer F\u00fchrung schl\u00e4gt. Angesichts der Herausforderungen wie Urbanisierung, Klima\u00adwandel und Erneuerung der Infrastruktur besteht ein wachsender Bedarf an technisch und praktisch versierten Ingenieurinnen und Ingenieuren. Als Professor of Practice wird Hermann Patrick Braess die Kontinuit\u00e4t und den Ausbau in diesem wichtigen Ausbildungsbereich sicherstellen und die Verbindung zur Industrie st\u00e4rken.<\/p>\n<h2>R\u00fccktritte ETH Z\u00fcrich<\/h2>\n<p><strong>Prof. Dr. Otmar Hilliges<\/strong> (*1979), ordentlicher Professor f\u00fcr Informatik am Departement Informatik, hat die ETH Z\u00fcrich Ende Juni 2025 krankheitsbedingt verlassen. Otmar Hilliges kam 2013 als Tenure-Track-Assistenzprofessor an die ETH Z\u00fcrich. Er hat im Bereich der Augmented Reality Pionierarbeit geleistet und galt als Vision\u00e4r auf dem Gebiet der Mensch-Computer-Interaktion. Seine international hoch anerkannte Forschung lag an der Schnittstelle zwischen Mensch-Maschine-Interaktion, maschinellem Sehen und Lernen sowie der Computer Vision und wurde mit zahlreichen Auszeichnungen gew\u00fcrdigt, darunter einem ERC Starting Grant und einem ERC Consolidator Grant, einem Microsoft Research Grant sowie dem Google Research Award. Seit 2023 leidet Otmar Hilliges an den Folgen zweier Covid-Erkrankungen. Die \u00c4rzte haben bei ihm Myalgische Enzephalomyelitis \/ Chronisches Fatigue-Syndrom (ME\/CFS) diagnostiziert, eine \u00e4usserst schwere neuroimmunologische Erkrankung mit vielseitigen Symptomen, die z. B. zu massiv einschr\u00e4nkender k\u00f6rperlicher und\/oder neurokognitiver Behinderung f\u00fchrt und zudem noch wenig erforscht ist. Der ETH-Rat und die ETH Z\u00fcrich nehmen den R\u00fccktritt von Otmar Hilliges mit grossem Bedauern zur Kenntnis, danken ihm f\u00fcr sein Engagement und w\u00fcnschen ihm eine vollst\u00e4ndige Genesung und alles Gute.<strong>\u00a0<\/strong><\/p>\n<p><strong>Prof. Dr. Peter Hintz <\/strong>(*1991), zurzeit ausserordentlicher Professor f\u00fcr Mathematik und Physik am Departement Mathematik, wird die ETH Z\u00fcrich Ende August 2025 verlassen. Peter Hintz kam 2021 als ausserordentlicher Professor an die ETH Z\u00fcrich. Er ist ein mathematischer Physiker, der sich in seiner Forschung mit Problemen der allgemeinen Relativit\u00e4tstheorie und der Analysis besch\u00e4ftigt, wobei er sich auf die mikrolokale Analysis spezialisiert hat. Er ist weltweit f\u00fchrend auf seinem Gebiet und hat zahlreiche Preise erhalten. Peter Hintz verl\u00e4sst die ETH Z\u00fcrich, um einem Ruf an die Pennsylvania State University als ordentlicher Professor im dortigen Mathematik-Departement zu folgen.<em>\u00a0<\/em><\/p>\n<p><em>Der ETH-Rat verdankt die Leistungen der scheidenden Professoren in Wissenschaft, Lehre und akademischer Verwaltung.<\/em><\/p>\n","protected":false},"excerpt":{"rendered":"<p>Der ETH-Rat hat an seiner Sitzung vom 9.\/10. Juli 2025 Kenntnis genommen vom R\u00fccktritt von Vanessa Wood als Vizepr\u00e4sidentin der ETH Z\u00fcrich. Sie verl\u00e4sst die Schulleitung per Ende Dezember 2025 und wird die Leitung ihres Forschungsteams weiterf\u00fchren. <\/p>\n","protected":false},"author":11,"featured_media":0,"comment_status":"closed","ping_status":"closed","sticky":false,"template":"","format":"standard","meta":{"_acf_changed":false,"footnotes":"","_links_to":"","_links_to_target":""},"categories":[263],"tags":[],"search-tag":[],"class_list":["post-53402","post","type-post","status-publish","format-standard","hentry","category-medienmitteilung"],"acf":[],"yoast_head":"<!-- This site is optimized with the Yoast SEO plugin v27.3 - https:\/\/yoast.com\/product\/yoast-seo-wordpress\/ -->\n<title>Wechsel in der Schulleitung der ETH Z\u00fcrich sowie 14 Professorinnen und Professoren an den beiden ETH ernannt - ETH-Rat<\/title>\n<meta name=\"robots\" content=\"index, follow, max-snippet:-1, max-image-preview:large, max-video-preview:-1\" \/>\n<link rel=\"canonical\" href=\"https:\/\/ethrat.ch\/de\/ernennungen-juli-25\/\" \/>\n<meta property=\"og:locale\" content=\"de_DE\" \/>\n<meta property=\"og:type\" content=\"article\" \/>\n<meta property=\"og:title\" content=\"Wechsel in der Schulleitung der ETH Z\u00fcrich sowie 14 Professorinnen und Professoren an den beiden ETH ernannt - ETH-Rat\" \/>\n<meta property=\"og:description\" content=\"Der ETH-Rat hat an seiner Sitzung vom 9.\/10. Juli 2025 Kenntnis genommen vom R\u00fccktritt von Vanessa Wood als Vizepr\u00e4sidentin der ETH Z\u00fcrich. Sie verl\u00e4sst die Schulleitung per Ende Dezember 2025 und wird die Leitung ihres Forschungsteams weiterf\u00fchren.\" \/>\n<meta property=\"og:url\" content=\"https:\/\/ethrat.ch\/de\/ernennungen-juli-25\/\" \/>\n<meta property=\"og:site_name\" content=\"ETH-Rat\" \/>\n<meta property=\"article:published_time\" content=\"2025-07-11T06:54:37+00:00\" \/>\n<meta property=\"article:modified_time\" content=\"2025-07-14T12:39:56+00:00\" \/>\n<meta name=\"author\" content=\"Pierre-Pascal Baumann\" \/>\n<meta name=\"twitter:card\" content=\"summary_large_image\" \/>\n<meta name=\"twitter:creator\" content=\"@eth_rat\" \/>\n<meta name=\"twitter:site\" content=\"@eth_rat\" \/>\n<meta name=\"twitter:label1\" content=\"Verfasst von\" \/>\n\t<meta name=\"twitter:data1\" content=\"Pierre-Pascal Baumann\" \/>\n\t<meta name=\"twitter:label2\" content=\"Gesch\u00e4tzte Lesezeit\" \/>\n\t<meta name=\"twitter:data2\" content=\"12\u00a0Minuten\" \/>\n<script type=\"application\/ld+json\" class=\"yoast-schema-graph\">{\"@context\":\"https:\\\/\\\/schema.org\",\"@graph\":[{\"@type\":\"Article\",\"@id\":\"https:\\\/\\\/ethrat.ch\\\/de\\\/ernennungen-juli-25\\\/#article\",\"isPartOf\":{\"@id\":\"https:\\\/\\\/ethrat.ch\\\/de\\\/ernennungen-juli-25\\\/\"},\"author\":{\"name\":\"Pierre-Pascal Baumann\",\"@id\":\"https:\\\/\\\/ethrat.ch\\\/de\\\/#\\\/schema\\\/person\\\/d9fefa0b5f78d403e1eadfd72e6d54b5\"},\"headline\":\"Wechsel in der Schulleitung der ETH Z\u00fcrich sowie 14 Professorinnen und Professoren an den beiden ETH ernannt\",\"datePublished\":\"2025-07-11T06:54:37+00:00\",\"dateModified\":\"2025-07-14T12:39:56+00:00\",\"mainEntityOfPage\":{\"@id\":\"https:\\\/\\\/ethrat.ch\\\/de\\\/ernennungen-juli-25\\\/\"},\"wordCount\":2261,\"publisher\":{\"@id\":\"https:\\\/\\\/ethrat.ch\\\/de\\\/#organization\"},\"articleSection\":[\"Medienmitteilung\"],\"inLanguage\":\"de\"},{\"@type\":\"WebPage\",\"@id\":\"https:\\\/\\\/ethrat.ch\\\/de\\\/ernennungen-juli-25\\\/\",\"url\":\"https:\\\/\\\/ethrat.ch\\\/de\\\/ernennungen-juli-25\\\/\",\"name\":\"Wechsel in der Schulleitung der ETH Z\u00fcrich sowie 14 Professorinnen und Professoren an den beiden ETH ernannt - ETH-Rat\",\"isPartOf\":{\"@id\":\"https:\\\/\\\/ethrat.ch\\\/de\\\/#website\"},\"datePublished\":\"2025-07-11T06:54:37+00:00\",\"dateModified\":\"2025-07-14T12:39:56+00:00\",\"breadcrumb\":{\"@id\":\"https:\\\/\\\/ethrat.ch\\\/de\\\/ernennungen-juli-25\\\/#breadcrumb\"},\"inLanguage\":\"de\",\"potentialAction\":[{\"@type\":\"ReadAction\",\"target\":[\"https:\\\/\\\/ethrat.ch\\\/de\\\/ernennungen-juli-25\\\/\"]}]},{\"@type\":\"BreadcrumbList\",\"@id\":\"https:\\\/\\\/ethrat.ch\\\/de\\\/ernennungen-juli-25\\\/#breadcrumb\",\"itemListElement\":[{\"@type\":\"ListItem\",\"position\":1,\"name\":\"Home\",\"item\":\"https:\\\/\\\/ethrat.ch\\\/de\\\/\"},{\"@type\":\"ListItem\",\"position\":2,\"name\":\"Wechsel in der Schulleitung der ETH Z\u00fcrich sowie 14 Professorinnen und Professoren an den beiden ETH ernannt\"}]},{\"@type\":\"WebSite\",\"@id\":\"https:\\\/\\\/ethrat.ch\\\/de\\\/#website\",\"url\":\"https:\\\/\\\/ethrat.ch\\\/de\\\/\",\"name\":\"ETH-Rat\",\"description\":\"\",\"publisher\":{\"@id\":\"https:\\\/\\\/ethrat.ch\\\/de\\\/#organization\"},\"potentialAction\":[{\"@type\":\"SearchAction\",\"target\":{\"@type\":\"EntryPoint\",\"urlTemplate\":\"https:\\\/\\\/ethrat.ch\\\/de\\\/?s={search_term_string}\"},\"query-input\":{\"@type\":\"PropertyValueSpecification\",\"valueRequired\":true,\"valueName\":\"search_term_string\"}}],\"inLanguage\":\"de\"},{\"@type\":\"Organization\",\"@id\":\"https:\\\/\\\/ethrat.ch\\\/de\\\/#organization\",\"name\":\"ETH-Rat\",\"url\":\"https:\\\/\\\/ethrat.ch\\\/de\\\/\",\"logo\":{\"@type\":\"ImageObject\",\"inLanguage\":\"de\",\"@id\":\"https:\\\/\\\/ethrat.ch\\\/de\\\/#\\\/schema\\\/logo\\\/image\\\/\",\"url\":\"https:\\\/\\\/ethrat.ch\\\/wp-content\\\/uploads\\\/2024\\\/04\\\/logo-white.svg\",\"contentUrl\":\"https:\\\/\\\/ethrat.ch\\\/wp-content\\\/uploads\\\/2024\\\/04\\\/logo-white.svg\",\"width\":283,\"height\":81,\"caption\":\"ETH-Rat\"},\"image\":{\"@id\":\"https:\\\/\\\/ethrat.ch\\\/de\\\/#\\\/schema\\\/logo\\\/image\\\/\"},\"sameAs\":[\"https:\\\/\\\/x.com\\\/eth_rat\",\"https:\\\/\\\/issuu.com\\\/ethrat\",\"https:\\\/\\\/www.linkedin.com\\\/company\\\/eth-rat\\\/\"]},{\"@type\":\"Person\",\"@id\":\"https:\\\/\\\/ethrat.ch\\\/de\\\/#\\\/schema\\\/person\\\/d9fefa0b5f78d403e1eadfd72e6d54b5\",\"name\":\"Pierre-Pascal Baumann\",\"image\":{\"@type\":\"ImageObject\",\"inLanguage\":\"de\",\"@id\":\"https:\\\/\\\/secure.gravatar.com\\\/avatar\\\/57f0ceca7019f472e31528a35525a6a509d37fccce88e802954ae2b81a61d08b?s=96&d=mm&r=g\",\"url\":\"https:\\\/\\\/secure.gravatar.com\\\/avatar\\\/57f0ceca7019f472e31528a35525a6a509d37fccce88e802954ae2b81a61d08b?s=96&d=mm&r=g\",\"contentUrl\":\"https:\\\/\\\/secure.gravatar.com\\\/avatar\\\/57f0ceca7019f472e31528a35525a6a509d37fccce88e802954ae2b81a61d08b?s=96&d=mm&r=g\",\"caption\":\"Pierre-Pascal Baumann\"},\"url\":\"https:\\\/\\\/ethrat.ch\\\/de\\\/author\\\/pierre-baumannethrat-ch\\\/\"}]}<\/script>\n<!-- \/ Yoast SEO plugin. -->","yoast_head_json":{"title":"Wechsel in der Schulleitung der ETH Z\u00fcrich sowie 14 Professorinnen und Professoren an den beiden ETH ernannt - ETH-Rat","robots":{"index":"index","follow":"follow","max-snippet":"max-snippet:-1","max-image-preview":"max-image-preview:large","max-video-preview":"max-video-preview:-1"},"canonical":"https:\/\/ethrat.ch\/de\/ernennungen-juli-25\/","og_locale":"de_DE","og_type":"article","og_title":"Wechsel in der Schulleitung der ETH Z\u00fcrich sowie 14 Professorinnen und Professoren an den beiden ETH ernannt - ETH-Rat","og_description":"Der ETH-Rat hat an seiner Sitzung vom 9.\/10. Juli 2025 Kenntnis genommen vom R\u00fccktritt von Vanessa Wood als Vizepr\u00e4sidentin der ETH Z\u00fcrich. Sie verl\u00e4sst die Schulleitung per Ende Dezember 2025 und wird die Leitung ihres Forschungsteams weiterf\u00fchren.","og_url":"https:\/\/ethrat.ch\/de\/ernennungen-juli-25\/","og_site_name":"ETH-Rat","article_published_time":"2025-07-11T06:54:37+00:00","article_modified_time":"2025-07-14T12:39:56+00:00","author":"Pierre-Pascal Baumann","twitter_card":"summary_large_image","twitter_creator":"@eth_rat","twitter_site":"@eth_rat","twitter_misc":{"Verfasst von":"Pierre-Pascal Baumann","Gesch\u00e4tzte Lesezeit":"12\u00a0Minuten"},"schema":{"@context":"https:\/\/schema.org","@graph":[{"@type":"Article","@id":"https:\/\/ethrat.ch\/de\/ernennungen-juli-25\/#article","isPartOf":{"@id":"https:\/\/ethrat.ch\/de\/ernennungen-juli-25\/"},"author":{"name":"Pierre-Pascal Baumann","@id":"https:\/\/ethrat.ch\/de\/#\/schema\/person\/d9fefa0b5f78d403e1eadfd72e6d54b5"},"headline":"Wechsel in der Schulleitung der ETH Z\u00fcrich sowie 14 Professorinnen und Professoren an den beiden ETH ernannt","datePublished":"2025-07-11T06:54:37+00:00","dateModified":"2025-07-14T12:39:56+00:00","mainEntityOfPage":{"@id":"https:\/\/ethrat.ch\/de\/ernennungen-juli-25\/"},"wordCount":2261,"publisher":{"@id":"https:\/\/ethrat.ch\/de\/#organization"},"articleSection":["Medienmitteilung"],"inLanguage":"de"},{"@type":"WebPage","@id":"https:\/\/ethrat.ch\/de\/ernennungen-juli-25\/","url":"https:\/\/ethrat.ch\/de\/ernennungen-juli-25\/","name":"Wechsel in der Schulleitung der ETH Z\u00fcrich sowie 14 Professorinnen und Professoren an den beiden ETH ernannt - ETH-Rat","isPartOf":{"@id":"https:\/\/ethrat.ch\/de\/#website"},"datePublished":"2025-07-11T06:54:37+00:00","dateModified":"2025-07-14T12:39:56+00:00","breadcrumb":{"@id":"https:\/\/ethrat.ch\/de\/ernennungen-juli-25\/#breadcrumb"},"inLanguage":"de","potentialAction":[{"@type":"ReadAction","target":["https:\/\/ethrat.ch\/de\/ernennungen-juli-25\/"]}]},{"@type":"BreadcrumbList","@id":"https:\/\/ethrat.ch\/de\/ernennungen-juli-25\/#breadcrumb","itemListElement":[{"@type":"ListItem","position":1,"name":"Home","item":"https:\/\/ethrat.ch\/de\/"},{"@type":"ListItem","position":2,"name":"Wechsel in der Schulleitung der ETH Z\u00fcrich sowie 14 Professorinnen und Professoren an den beiden ETH ernannt"}]},{"@type":"WebSite","@id":"https:\/\/ethrat.ch\/de\/#website","url":"https:\/\/ethrat.ch\/de\/","name":"ETH-Rat","description":"","publisher":{"@id":"https:\/\/ethrat.ch\/de\/#organization"},"potentialAction":[{"@type":"SearchAction","target":{"@type":"EntryPoint","urlTemplate":"https:\/\/ethrat.ch\/de\/?s={search_term_string}"},"query-input":{"@type":"PropertyValueSpecification","valueRequired":true,"valueName":"search_term_string"}}],"inLanguage":"de"},{"@type":"Organization","@id":"https:\/\/ethrat.ch\/de\/#organization","name":"ETH-Rat","url":"https:\/\/ethrat.ch\/de\/","logo":{"@type":"ImageObject","inLanguage":"de","@id":"https:\/\/ethrat.ch\/de\/#\/schema\/logo\/image\/","url":"https:\/\/ethrat.ch\/wp-content\/uploads\/2024\/04\/logo-white.svg","contentUrl":"https:\/\/ethrat.ch\/wp-content\/uploads\/2024\/04\/logo-white.svg","width":283,"height":81,"caption":"ETH-Rat"},"image":{"@id":"https:\/\/ethrat.ch\/de\/#\/schema\/logo\/image\/"},"sameAs":["https:\/\/x.com\/eth_rat","https:\/\/issuu.com\/ethrat","https:\/\/www.linkedin.com\/company\/eth-rat\/"]},{"@type":"Person","@id":"https:\/\/ethrat.ch\/de\/#\/schema\/person\/d9fefa0b5f78d403e1eadfd72e6d54b5","name":"Pierre-Pascal Baumann","image":{"@type":"ImageObject","inLanguage":"de","@id":"https:\/\/secure.gravatar.com\/avatar\/57f0ceca7019f472e31528a35525a6a509d37fccce88e802954ae2b81a61d08b?s=96&d=mm&r=g","url":"https:\/\/secure.gravatar.com\/avatar\/57f0ceca7019f472e31528a35525a6a509d37fccce88e802954ae2b81a61d08b?s=96&d=mm&r=g","contentUrl":"https:\/\/secure.gravatar.com\/avatar\/57f0ceca7019f472e31528a35525a6a509d37fccce88e802954ae2b81a61d08b?s=96&d=mm&r=g","caption":"Pierre-Pascal Baumann"},"url":"https:\/\/ethrat.ch\/de\/author\/pierre-baumannethrat-ch\/"}]}},"_links":{"self":[{"href":"https:\/\/ethrat.ch\/de\/wp-json\/wp\/v2\/posts\/53402","targetHints":{"allow":["GET"]}}],"collection":[{"href":"https:\/\/ethrat.ch\/de\/wp-json\/wp\/v2\/posts"}],"about":[{"href":"https:\/\/ethrat.ch\/de\/wp-json\/wp\/v2\/types\/post"}],"author":[{"embeddable":true,"href":"https:\/\/ethrat.ch\/de\/wp-json\/wp\/v2\/users\/11"}],"replies":[{"embeddable":true,"href":"https:\/\/ethrat.ch\/de\/wp-json\/wp\/v2\/comments?post=53402"}],"version-history":[{"count":0,"href":"https:\/\/ethrat.ch\/de\/wp-json\/wp\/v2\/posts\/53402\/revisions"}],"wp:attachment":[{"href":"https:\/\/ethrat.ch\/de\/wp-json\/wp\/v2\/media?parent=53402"}],"wp:term":[{"taxonomy":"category","embeddable":true,"href":"https:\/\/ethrat.ch\/de\/wp-json\/wp\/v2\/categories?post=53402"},{"taxonomy":"post_tag","embeddable":true,"href":"https:\/\/ethrat.ch\/de\/wp-json\/wp\/v2\/tags?post=53402"},{"taxonomy":"search-tag","embeddable":true,"href":"https:\/\/ethrat.ch\/de\/wp-json\/wp\/v2\/search-tag?post=53402"}],"curies":[{"name":"wp","href":"https:\/\/api.w.org\/{rel}","templated":true}]}}