{"id":36402,"date":"2022-12-08T16:45:32","date_gmt":"2022-12-08T15:45:32","guid":{"rendered":"https:\/\/ethrat.ch\/?p=36402"},"modified":"2022-12-08T17:40:43","modified_gmt":"2022-12-08T16:40:43","slug":"ernennungen-dezember-22","status":"publish","type":"post","link":"https:\/\/ethrat.ch\/de\/ernennungen-dezember-22\/","title":{"rendered":"13 Professorinnen und Professoren an den beiden ETH ernannt"},"content":{"rendered":"<p><strong>Der ETH-Rat hat an seiner Sitzung vom 7.\/8. Dezember 2022 auf Antrag des Pr\u00e4sidenten der ETH Z\u00fcrich, Prof. Dr. Jo\u00ebl Mesot, und des Pr\u00e4sidenten der EPFL, Prof. Dr. Martin Vetterli, insgesamt 6 Professorinnen und 7 Professoren ernannt, einen Professorentitel verliehen und den R\u00fccktritt von 10 Professorinnen und Professoren mit Verdankung zur Kenntnis genommen. Im Jahr 2022 hat der ETH-Rat insgesamt 25 Frauen und 35 M\u00e4nner neu ernannt, was einem Frauenanteil von 42 % entspricht.<\/strong><\/p>\n<h4>Neuernennungen ETH Z\u00fcrich<\/h4>\n<p><strong>Prof. Dr. Emily S. Cross<\/strong> (*1979), zurzeit ordentliche Professorin an der Western Sydney University, Australien, zur ordentlichen Professorin f\u00fcr Kognitive und Soziale Neurowissenschaften am Departement Geistes-, Sozial- und Staatswissenschaften. Das Fachgebiet von Emily S. Cross ist die soziale kognitive Neurowissenschaft. Ihre Forschung konzentriert sich dabei auf Beobachtungslernen im Zusammenhang mit der Handlung und Wahrnehmung in sozialen Kontexten. Sie verf\u00fcgt \u00fcber eine beeindruckende Publikationsbilanz in \u00e4usserst renommierten Fachzeitschriften und hat zahlreiche Auszeichnungen erhalten, etwa 2016 einen ERC Starting Grant und 2022 einen ERC Proof of Concept Grant. Ihr bereits starkes Kooperationsnetzwerk vergr\u00f6ssert die renommierte Forscherin laufend durch umfangreiche Einladungen zu Veranstaltungen und das Mitwirken in gewichtigen Gremien.<\/p>\n<p><strong>Prof. Dr. Claudia Mohr<\/strong> (*1982), zurzeit ausserordentliche Professorin an der Universit\u00e4t Stockholm, Schweden, zur ordentlichen Professorin f\u00fcr Aerosolchemie am Departement Umweltsystemwissenschaften. Claudia Mohr ist eine international anerkannte Expertin auf dem Gebiet der Aerosolchemie und befasst sich mit den wissenschaftlich und gesellschaftlich relevanten Themen Luftqualit\u00e4t, Klimawandel und Gesundheit. Spezialisiert ist sie in der Charakterisierung der chemischen Zusammensetzung des Aerosols mit Hilfe neuster Massenspektrometrie. Die mit mehreren Preisen ausgezeichnete Forscherin ist breit vernetzt und als Partnerin in EU-Projekten und anderen internationalen Projekten sehr gefragt. Am Paul Scherrer Institut (PSI) wird sie die Leitung des Labors f\u00fcr Atmosph\u00e4renchemie (LAC) \u00fcbernehmen und somit die Zusammenarbeit von ETH Z\u00fcrich und PSI in idealer Weise st\u00e4rken.<\/p>\n<p><strong>Dr. Jacqueline Claudia Pauli<\/strong> (*1982), zurzeit Mitglied der Gesch\u00e4ftsleitung bei ZPF Ingenieure sowie Dozentin an der ETH Z\u00fcrich, zur ordentlichen Professorin f\u00fcr Tragwerksentwurf am Departement Architektur. Jacqueline Claudia Pauli befasst sich in ihrer Forschung mit der Suche nach m\u00f6glichst effizienten und gleichzeitig alltagstauglichen Tragwerken und st\u00fctzt sich dabei auf Ressourcenoptimierungsprozesse, vor allem anhand einiger standardisierter \u00f6kologischer Parameter, sowie auf zukunftsorientierte Produktionstechniken wie additive Herstellung und robotische (Vor-)Fabrikation. Mit der Berufung von Jacqueline Claudia Pauli leistet die ETH Z\u00fcrich einen weiteren wesentlichen Beitrag zum erfolgreichen Wandel hin zu einer nachhaltigen Baukultur und \u00f6kologischen Architektur.<\/p>\n<h4>Bef\u00f6rderung ETH Z\u00fcrich<\/h4>\n<p><strong>Prof. Dr. Francesco Corman<\/strong> (*1982), zurzeit Tenure-Track-Assistenzprofessor an der ETH Z\u00fcrich, zum ausserordentlichen Professor f\u00fcr Transportsysteme am Departement Bau, Umwelt und Geomatik. Francesco Corman besch\u00e4ftigt sich mit der Entwicklung von Analyse-, Modellierungs-, Vorhersage- und Optimierungstools f\u00fcr \u00f6ffentliche Verkehrssysteme und logistische Netze. Er ist ein engagierter Hochschuldozent, Betreuer und Mentor, was sich in seiner Nomination f\u00fcr den ALEA Award (Art of Leadership Award) 2020 widerspiegelt. Weiter leistet er einen wichtigen Beitrag zur Forschungsgemeinschaft als \u00e4usserst aktiver Gutachter f\u00fcr internationale Konferenzen und Fachzeitschriften und ist sehr erfolgreich beim Einwerben von Drittmitteln, Stipendien sowie Forschungsvertr\u00e4gen.<\/p>\n<h4>Neuernennungen EPFL<\/h4>\n<p><strong>Prof. Dr. Andrea Cavallaro<\/strong> (*1971), zurzeit ordentlicher Professor an der Queen Mary University of London, Grossbritannien, zum ordentlichen Professor f\u00fcr Elektrotechnik und Elektronik an der Fakult\u00e4t f\u00fcr Ingenieurwissenschaft und Technologie sowie am Idiap Research Institute, dessen Leitung er \u00fcbernimmt. Andrea Cavallaro forscht im Bereich des maschinellen Lernens f\u00fcr multimodale Wahrnehmung und Modellierung, Computer Vision, Audio\u00adverarbeitung und Datenschutz. Er ist ein international anerkannter Experte f\u00fcr Signalverarbeitung, Wahrnehmung und maschinelles Lernen. Seine Berufung st\u00e4rkt einen strategischen Bereich der EPFL sowie die akademische Verbindung mit dem Idiap. Er wird stark zur internationalen Ausstrahlung der EPFL und des Idiap im Bereich Datenwissenschaft und maschinelles Lernen beitragen.<\/p>\n<p><strong>Dr. Camille Goemans<\/strong> (*1989), zurzeit Postdoktorandin am Europ\u00e4ischen Laboratorium f\u00fcr Molekularbiologie (EMBL) in Heidelberg, Deutschland, zur Tenure-Track-Assistenzprofessorin f\u00fcr Life Sciences an der Fakult\u00e4t f\u00fcr Life Sciences. Camille Goemans befasst sich mit dem Gebiet der Mikrobiomforschung, insbesondere mit der Entwicklung antimikrobieller Resistenzen. Sie geh\u00f6rt zu einer neuen Generation von Mikrobiologinnen und -biologen und kombiniert hochentwickelte Technologien in der quantitativen und experimentellen Forschung mit computerbiologischen Ans\u00e4tzen der Datenanalyse. Sie gilt als aufstrebende Forscherin auf diesem essenziellen Gebiet der Medizin. Ihre Berufung \u00f6ffnet die M\u00f6glichkeit zahlreicher Kollaborationen und wird die Fakult\u00e4t Life Sciences sowie die EPFL weiter st\u00e4rken.<\/p>\n<p><strong>Dr. Laura Grigori<\/strong> (*1972), zurzeit Forschungsdirektorin am Nationalen Forschungsinstitut f\u00fcr Informatik und Automatisierung (INRIA) in Paris, Frankreich, zur ordentlichen Professorin f\u00fcr Angewandte und Computergest\u00fctzte Mathematik an der Fakult\u00e4t f\u00fcr Grundlagen\u00adwissen\u00adschaften. Laura Grigoris interdisziplin\u00e4re Forschung befindet sich an der Schnittstelle zwischen numerischer linearer Algebra, Hochleistungs\u00adrechnen sowie deren diversen Anwendungen. Auf dem Gebiet der numerischen Algebra ist sie weltweit f\u00fchrend. Am Paul Scherrer Institut (PSI) wird sie die Leitung des Labors f\u00fcr Simulation und Modellierung (LSM) \u00fcbernehmen und so eine F\u00fchrungsrolle wie auch eine wichtige Br\u00fcckenfunktion zwischen den zwei Institutionen aus\u00fcben.<\/p>\n<p><strong>Dr. Manuel Guizar-Sicairos<\/strong> (*1980), zurzeit Senior Scientist am Paul Scherrer Institut (PSI), zum ausserordentlichen Professor f\u00fcr Physik an der Fakult\u00e4t f\u00fcr Grundlagenwissenschaften. Manuel Guizar-Sicairos Forschung befasst sich mit digitaler Bildgebung f\u00fcr die n\u00e4chste Generation von R\u00f6ntgenstrahlen, insbesondere f\u00fcr den Bereich der Nano-Tomografie. Seine Arbeit \u00fcber das Konnektom ist besonders bedeutend, da sie die ersten Bilder von R\u00f6ntgen\u00adaufnahmen von Synapsen bei S\u00e4ugetieren lieferte, wof\u00fcr er die Anerkennung der wissen\u00adschaftlichen Gemeinschaft erhielt. Die k\u00fcnftige Forschung des international renommierten Spezialisten k\u00f6nnte die Neurowissenschaften massgebend beeinflussen. Am PSI wird Manuel Guizar-Sicairos als Gruppenleiter f\u00fcr Mathematik und Physik der Bildgebung t\u00e4tig sein.<\/p>\n<p><strong>Dr. Michael Herbst<\/strong> (*1990), zurzeit Postdoktorand an der Universit\u00e4t Aachen, Deutschland, zum Tenure-Track-Assistenzprofessor f\u00fcr Mathematik sowie f\u00fcr Materialwissenschaft und -technik an den Fakult\u00e4ten f\u00fcr Grundlagenwissenschaften respektive f\u00fcr Ingenieurwissenschaft und Technologie. Michael Herbst forscht im Bereich der elektronischen Struktur von Materialien an der interdisziplin\u00e4ren Grenze von Mathematik, computergest\u00fctzter Materialwissenschaft und Informatik. Er entwickelt effiziente und zuverl\u00e4ssige Algorithmen f\u00fcr das Hochdurchsatz-Screening von Berechnungen f\u00fcr Materialien. Ziel des gemeinsamen Lehrstuhls der beiden Fakult\u00e4ten ist es, ein zukunftsweisendes Forschungsprogramm f\u00fcr die beiden Disziplinen zu entwickeln. Michael Herbst wird dabei die wichtige Rolle als Br\u00fccke zwischen den Instituten f\u00fcr Mathematik und f\u00fcr Materialwissenschaften einnehmen.<\/p>\n<p><strong>Prof. Dr. Sebastian Waszak<\/strong> (*1985), zurzeit Gruppenleiter an der Universit\u00e4t Oslo, Norwegen, sowie Associate Adjunct Professor an der University of California in San Francisco, USA, zum Tenure-Track-Assistenzprofessor f\u00fcr Life Sciences an der Fakult\u00e4t f\u00fcr Life Sciences. Sebastian Waszak forscht auf dem Gebiet der Neuroonkologie, insbesondere im Bereich von Hirntumoren bei Kindern. Er befasst sich mit den erblich bedingten Ursachen f\u00fcr Krebs, um daraus Empfehlungen f\u00fcr das genetische Patienten\u00adscreening abzuleiten. Als Bioinformatiker mit grossem Wissen in der Biologie und dem medizinischen Kontext setzt er auf computerbasierte Forschungsmethoden, da die Menge an klinischen und experimentellen Daten rasant zunimmt. Von seinem umfangreichen Netzwerk an Kooperationen wird die Krebsforschungs\u00adgemeinschaft der EPFL stark profitieren.<\/p>\n<p><strong>Dr. Fides Zenk<\/strong> (*1990), zurzeit Postdoktorandin an der ETH Z\u00fcrich in Basel, zur Tenure-Track-Assistenzprofessorin f\u00fcr Life Sciences an der Fakult\u00e4t f\u00fcr Life Sciences. Fides Zenks Forschung befasst sich mit der Immunbiologie und Epigenetik, insbesondere mit der transgenerationalen epigenetischen Vererbung sowie mit der Entwicklung von Hirnorganoiden mithilfe neuer einzelliger Technologien. Ihre bahnbrechenden Arbeiten zur epigenetischen Regulation der fr\u00fchen Embryonalentwicklung bringen die Wissenschaft erheblich voran. Zudem handelt es sich um einen Forschungsbereich, der in dieser Form an der EPFL nicht vertreten ist und die Fakult\u00e4t somit ideal erg\u00e4nzt. Die Berufung der aufstrebenden Forscherin erm\u00f6glicht ausserdem neue Kooperationen im multidisziplin\u00e4ren Umfeld der Hochschule.<\/p>\n<h4>Bef\u00f6rderungen EPFL<\/h4>\n<p><strong>Prof. Dr. Kumar Agrawal<\/strong> (*1984), zurzeit Tenure-Track-Assistenzprofessor an der EPFL, zum ausserordentlichen Professor f\u00fcr Chemie und Chemieingenieurwissenschaften an der Fakult\u00e4t f\u00fcr Grundlagenwissenschaften (EPFL Valais Wallis). Kumar Agrawals Forschung befasst sich mit der Entwicklung molekularer Trennsysteme f\u00fcr industrielle Produktstr\u00f6me. Der aufstrebende Forscher gilt als f\u00fchrend auf dem Gebiet von Membranen aus zweidimensionalen Materialien zur Filterung von Gasen. So hat eine Gruppe von Chemieingenieuren unter seiner Leitung einen por\u00f6sen Graphen-Filter entwickelt, der Kohlenstoffdioxid aus dem Gasgemisch extrahieren kann, das von Industrieanlagen ausgestossen wird. Die Anwendungen nano\u00adpor\u00f6ser Graphenmembranen will er zusammen mit seinem Team auf die Trennung von Kohlenwasserstoffgemischen ausdehnen.<\/p>\n<p><strong>Prof. Dr. Li Tang<\/strong> (*1986), zurzeit Tenure-Track-Assistenzprofessor an der EPFL, zum ausserordentlichen Professor f\u00fcr Bioengineering an der Fakult\u00e4t f\u00fcr Ingenieurwissenschaft und Technologie. Li Tang forscht zu Biomaterialien und Immunologie und hat sich auf die Krebsforschung spezialisiert. Dabei verfolgt er einen multidisziplin\u00e4ren Ansatz und versucht, metabolische, mechanische und chemische Methoden zu kombinieren, um die Krebsbek\u00e4mpfung voranzutreiben. Durch seinen kreativen Forschungsansatz im Bereich Immunoengineering gilt er als international f\u00fchrender Forscher bei der Behandlung bestimmter Tumorarten. Er erhielt unter anderem 2018 einen ERC Starting Grant. Li Tang wird zu akademischen und klinischen Kooperationen sowie einer hochwertigen Lehre beitragen.<\/p>\n<h4>Verleihung des Titels \u00abProfessor\u00bb<\/h4>\n<p><strong>Dr. Erich Fischer <\/strong>(*1978), zurzeit Senior Scientist und Dozent am Departement Umweltsystem-wissenschaften, zum Titularprofessor der ETH Z\u00fcrich. Erich Fischer betreibt Forschung zu klimatischen Extremereignissen an der Schnittstelle zwischen physikalischer Wissenschaft und der Erforschung der Auswirkungen auf \u00d6ko- und menschliche Systeme. F\u00fcr seine Arbeit wurde er mehrfach ausgezeichnet und hat erfolgreich drei SNSF Grants sowie zwei Horizon2020 Grants eingeworben. Zudem hat er etliche Konferenzen mitorganisiert und wird regelm\u00e4ssig zu Vortr\u00e4gen eingeladen.<\/p>\n<h4>Verabschiedungen ETH Z\u00fcrich<\/h4>\n<p><strong>Prof. Dr. Karsten M. Borgwardt<\/strong> (*1980), zurzeit ordentlicher Professor f\u00fcr Data Mining am Departement Biosysteme, wird die Hochschule Ende Januar 2023 verlassen. Karsten M. Borgwardts Forschung besch\u00e4ftigt sich mit der effizienten computerbasierten Suche in schnell wachsenden Datenbest\u00e4nden. Der weltweit anerkannte Forscher wurde mit mehreren Preisen und Grants ausgezeichnet. Er verl\u00e4sst die Hochschule, um sein neues Amt als Direktor des Max-Planck-Instituts f\u00fcr Biochemie in Martinsried bei M\u00fcnchen anzutreten.<\/p>\n<p><strong>Prof. Dr. Eric Dufresne<\/strong> (*1974), zurzeit ordentlicher Professor f\u00fcr Weiche und Lebende Materialien am Departement Materialwissenschaft, wird die Hochschule Ende Juni 2023 verlassen. Eric Dufresne forscht \u00fcber die Steuerung und Nutzung der Struktur und Dynamik von weichen Materialien, wozu die meisten lebenden Gewebe geh\u00f6ren, aber auch technisch entwickelte Materialien. Sein Spezialgebiet erg\u00e4nzt er mit Erkenntnissen aus der Biologie. Eric Dufresne verl\u00e4sst die Hochschule, um seine Karriere an der Cornell University, USA, fortzusetzen.<\/p>\n<p><strong>Prof. Annette Gigon<\/strong> (*1959), zurzeit ordentliche Professorin f\u00fcr Architektur und Konstruktion am Departement Architektur, sowie <strong>Prof. Mike Guyer<\/strong> (*1958), zurzeit ebenfalls ordentlicher Professor f\u00fcr Architektur und Konstruktion, werden Ende Juli 2023 in den Ruhestand treten. Annette Gigon hat in diversen Architekturb\u00fcros gearbeitet und kam 2001 als Gastprofessorin an die ETH Z\u00fcrich. Seit 2012 ist sie ordentliche Professorin an einem gemeinsamen Lehrstuhl mit Mike Guyer. Mike Guyer verf\u00fcgt \u00fcber Praxiserfahrung in verschiedenen Architekturb\u00fcros und kam 2002 als Gastdozent an die EPFL und 2009 als Gastdozent an die ETH Z\u00fcrich. Annette Gigon und Mike Guyer haben 1989 das Architekturb\u00fcro Gigon Guyer Architekten gegr\u00fcndet. W\u00e4hrend ihrer langen Laufbahn machten sie gemeinsam zun\u00e4chst mit Museumsbauten auf sich aufmerksam, sp\u00e4ter erweiterten sie ihr Schaffen um Wohn- und B\u00fcrobauten, etwa den 2011 fertiggestellten Prime Tower in Z\u00fcrich. F\u00fcr ihre Arbeit erhielten sie mehrere renommierte Auszeichnungen und waren wiederholt an der Architekturbiennale in Venedig vertreten. Am Departement machten sie sich verdient als engagierte Lehrpersonen und leisteten wichtige Beitr\u00e4ge zur Erweiterung des Forschungsbereiches Entwurf.<\/p>\n<p><strong>Prof. Dr. Christophe Lacroix<\/strong> (*1958), zurzeit ordentlicher Professor f\u00fcr Lebensmittelbiotechno-logie am Departement Gesundheitswissenschaften und Technologie, wird Ende Juli 2023 in den Ruhestand treten. Christophe Lacroix kam 2002 als ordentlicher Professor an die ETH Z\u00fcrich. Seine Forschung ist auf probiotische Milchs\u00e4urebakterien spezialisiert. Er ist Gr\u00fcnder des ETH-Spin-off-Unternehmens PharmaBiome AG (2017), wof\u00fcr ihm 2018 der Spark Award der ETH Z\u00fcrich verliehen wurde. Im Laufe seiner Karriere publizierte er mehr als 330 Peer-Review-Artikel und erlangte 15 Patente. Seine Expertise wird auch international sehr gesch\u00e4tzt, was sich unter anderem an seinem Einsitz in zahlreichen Evaluierungsaussch\u00fcssen f\u00fcr Forschungsprogramme und -einrichtungen zeigt. Zudem ist er ein beliebter Dozent.<\/p>\n<p><strong>Prof. Dr. Thomas Van Boeckel<\/strong> (*1985), zurzeit Assistenzprofessor f\u00fcr Gesundheitsgeographie und Politik am Departement Umweltsystemwissenschaften, wird die Hochschule Ende Dezember 2022 verlassen. Die Forschung von Thomas Van Boeckel liegt an der Schnittstelle zwischen Wissenschaft und Politik und hat zum Ziel, eine international koordinierte Reaktion auf die rasche Zunahme von Antibiotikaresistenzen zu beschleunigen. Er verl\u00e4sst die Hochschule, um seine Karriere an der Universit\u00e4t G\u00f6teborg, Schweden, fortzusetzen.<\/p>\n<p><strong>Prof. Dr. Sara van de Geer<\/strong> (*1958), zurzeit ordentliche Professorin f\u00fcr Mathematik am Departement Mathematik, wird Ende Juli 2023 in den Ruhestand treten. Sara van de Geer kam 2005 als ordentliche Professorin an die ETH Z\u00fcrich. Ihr Hauptforschungsgebiet ist die mathematische Statistik. Pionierarbeit leistete sie auf dem Gebiet der Statistik f\u00fcr hochdimensionale Daten. Die mit zahlreichen Preisen ausgezeichnete Forscherin nimmt Einsitz in diversen Gremien, wie etwa dem Forschungsrat des Schweizerischen Nationalfonds, und war unter anderem mehrmals Mitglied und Vorsitzende bei ERC-Advanced-Grants-Panels. Sie war die erste ordentliche Professorin am Departement Mathematik und hat die starke Stellung der Statistik an der ETH Z\u00fcrich nachhaltig weiterentwickelt.<\/p>\n<p><strong>Prof. Dr. Konrad Wegener<\/strong> (*1958), zurzeit ordentlicher Professor f\u00fcr Produktionstechnik und Werkzeugmaschinen am Departement Maschinenbau und Verfahrenstechnik, wird Ende Juli 2023 in den Ruhestand treten. Konrad Wegener kam 2003 als ordentlicher Professor an die ETH Z\u00fcrich. Er forscht zu Werkzeugmaschinen, Fertigungsverfahren und Prozessketten. Er hat zahlreiche Publikationen in namhaften Fachzeitschriften ver\u00f6ffentlicht und ist Inhaber von 17 Patenten. Er geniesst einen ausgezeichneten, internationalen Ruf, sowohl in der Academia als auch in der Industrie, wovon sein Einsitz in diversen Gremien zeugt. In seiner langen Zeit an der ETH Z\u00fcrich hat er nicht nur unz\u00e4hlige Studierende und Doktorierende betreut, sondern vor allem auch dem Werkplatz Schweiz und der Produktionstechnik neue Schubkraft verliehen.<\/p>\n<h4>Verabschiedungen EPFL<\/h4>\n<p><strong>Prof. Dr. Jean-Yves Le Boudec<\/strong> (*1958), zurzeit ordentlicher Professor f\u00fcr Kommunikations\u00adsysteme an der Fakult\u00e4t f\u00fcr Informatik und Kommunikation, wird Ende Juli 2023 in den Ruhestand treten. Jean-Yves Le Boudec kam 1994 als ausserordentlicher Professor an die EPFL. Sein Forschungsschwerpunkt ist die Architektur von Kommunikationssystemen. Er gilt insbesondere als Spezialist f\u00fcr deterministische Netzwerkkommunikation. Der mehrfach ausgezeichnete Forscher ist ein \u00e4usserst beliebter Dozent, Betreuer und Mentor. Bemerkenswert ist auch sein ausserordentlicher Einsatz in Gremien sowohl inner- als auch ausserhalb der EPFL wie auch in der Industrie. Seine Forschungsergebnisse sowie sein unerm\u00fcdliches Engagement haben die Fakult\u00e4t und die EPFL massgeblich gepr\u00e4gt.<\/p>\n<p><strong>Prof. Dr. Demetri Psaltis<\/strong> (*1953), zurzeit ordentlicher Professor f\u00fcr Elektrotechnik und Angewandte Optik an der Fakult\u00e4t f\u00fcr Ingenieurwissenschaft und Technologie, wird Ende Mai 2023 in den Ruhestand treten. Demetri Psaltis kam 2007 als ordentlicher Professor an die EPFL. Er forscht an der Schnittstelle zwischen Optik und Informationssystemen und hat zahlreiche innovative optische Methoden f\u00fcr Anwendungen in der Informationsverarbeitung entwickelt. Zudem hat er Pionierarbeit im Bereich holografischer Speicher und optischer neuronaler Netze geleistet und gilt als einer der Gr\u00fcnder der Optofluidik. Der international renommierte und mehrfach ausgezeichnete Forscher war auch an der Entwicklung der assoziierten Campus der EPFL in Neuenburg sowie in Genf massgeblich beteiligt und ist in diversen Gremien aktiv.<\/p>\n<p><em>Der ETH-Rat verdankt die Leistungen der scheidenden Professorinnen und Professoren in Wissenschaft, Lehre und akademischer Verwaltung.<\/em><\/p>\n","protected":false},"excerpt":{"rendered":"<p>Der ETH-Rat hat an seiner Sitzung vom 7.\/8. Dezember 2022 auf Antrag des Pr\u00e4sidenten der ETH Z\u00fcrich, Prof. Dr. Jo\u00ebl Mesot, und des Pr\u00e4sidenten der EPFL, Prof. Dr. Martin Vetterli, insgesamt 6 Professorinnen und 7 Professoren ernannt, einen Professorentitel verliehen und den R\u00fccktritt von 10 Professorinnen und Professoren mit Verdankung zur Kenntnis genommen. Im Jahr &#8230;<\/p>\n","protected":false},"author":12,"featured_media":0,"comment_status":"open","ping_status":"open","sticky":false,"template":"","format":"standard","meta":{"_acf_changed":false,"footnotes":"","_links_to":"","_links_to_target":""},"categories":[263],"tags":[],"search-tag":[268,269,273,280,281,285,287],"class_list":["post-36402","post","type-post","status-publish","format-standard","hentry","category-medienmitteilung","search-tag-politik-verwaltung","search-tag-news-medienmitteilungen","search-tag-hochschul-bereich","search-tag-wirtschaft","search-tag-news-medienmitteilungen-wirtschaft","search-tag-medien","search-tag-news-medienmitteilungen-medien"],"acf":[],"yoast_head":"<!-- This site is optimized with the Yoast SEO plugin v27.3 - https:\/\/yoast.com\/product\/yoast-seo-wordpress\/ -->\n<title>13 Professorinnen und Professoren an den beiden ETH ernannt - ETH-Rat<\/title>\n<meta name=\"robots\" content=\"index, follow, max-snippet:-1, max-image-preview:large, max-video-preview:-1\" \/>\n<link rel=\"canonical\" href=\"https:\/\/ethrat.ch\/de\/ernennungen-dezember-22\/\" \/>\n<meta property=\"og:locale\" content=\"de_DE\" \/>\n<meta property=\"og:type\" content=\"article\" \/>\n<meta property=\"og:title\" content=\"13 Professorinnen und Professoren an den beiden ETH ernannt - ETH-Rat\" \/>\n<meta property=\"og:description\" content=\"Der ETH-Rat hat an seiner Sitzung vom 7.\/8. Dezember 2022 auf Antrag des Pr\u00e4sidenten der ETH Z\u00fcrich, Prof. Dr. Jo\u00ebl Mesot, und des Pr\u00e4sidenten der EPFL, Prof. Dr. Martin Vetterli, insgesamt 6 Professorinnen und 7 Professoren ernannt, einen Professorentitel verliehen und den R\u00fccktritt von 10 Professorinnen und Professoren mit Verdankung zur Kenntnis genommen. Im Jahr ...\" \/>\n<meta property=\"og:url\" content=\"https:\/\/ethrat.ch\/de\/ernennungen-dezember-22\/\" \/>\n<meta property=\"og:site_name\" content=\"ETH-Rat\" \/>\n<meta property=\"article:published_time\" content=\"2022-12-08T15:45:32+00:00\" \/>\n<meta property=\"article:modified_time\" content=\"2022-12-08T16:40:43+00:00\" \/>\n<meta name=\"author\" content=\"Sandra Fl\u00fcckiger\" \/>\n<meta name=\"twitter:card\" content=\"summary_large_image\" \/>\n<meta name=\"twitter:creator\" content=\"@eth_rat\" \/>\n<meta name=\"twitter:site\" content=\"@eth_rat\" \/>\n<meta name=\"twitter:label1\" content=\"Verfasst von\" \/>\n\t<meta name=\"twitter:data1\" content=\"Sandra Fl\u00fcckiger\" \/>\n\t<meta name=\"twitter:label2\" content=\"Gesch\u00e4tzte Lesezeit\" \/>\n\t<meta name=\"twitter:data2\" content=\"12\u00a0Minuten\" \/>\n<script type=\"application\/ld+json\" class=\"yoast-schema-graph\">{\"@context\":\"https:\\\/\\\/schema.org\",\"@graph\":[{\"@type\":\"Article\",\"@id\":\"https:\\\/\\\/ethrat.ch\\\/de\\\/ernennungen-dezember-22\\\/#article\",\"isPartOf\":{\"@id\":\"https:\\\/\\\/ethrat.ch\\\/de\\\/ernennungen-dezember-22\\\/\"},\"author\":{\"name\":\"Sandra Fl\u00fcckiger\",\"@id\":\"https:\\\/\\\/ethrat.ch\\\/de\\\/#\\\/schema\\\/person\\\/cd4b3d02ff8338497461f0f4743d487b\"},\"headline\":\"13 Professorinnen und Professoren an den beiden ETH ernannt\",\"datePublished\":\"2022-12-08T15:45:32+00:00\",\"dateModified\":\"2022-12-08T16:40:43+00:00\",\"mainEntityOfPage\":{\"@id\":\"https:\\\/\\\/ethrat.ch\\\/de\\\/ernennungen-dezember-22\\\/\"},\"wordCount\":2495,\"commentCount\":0,\"publisher\":{\"@id\":\"https:\\\/\\\/ethrat.ch\\\/de\\\/#organization\"},\"articleSection\":[\"Medienmitteilung\"],\"inLanguage\":\"de\",\"potentialAction\":[{\"@type\":\"CommentAction\",\"name\":\"Comment\",\"target\":[\"https:\\\/\\\/ethrat.ch\\\/de\\\/ernennungen-dezember-22\\\/#respond\"]}]},{\"@type\":\"WebPage\",\"@id\":\"https:\\\/\\\/ethrat.ch\\\/de\\\/ernennungen-dezember-22\\\/\",\"url\":\"https:\\\/\\\/ethrat.ch\\\/de\\\/ernennungen-dezember-22\\\/\",\"name\":\"13 Professorinnen und Professoren an den beiden ETH ernannt - ETH-Rat\",\"isPartOf\":{\"@id\":\"https:\\\/\\\/ethrat.ch\\\/de\\\/#website\"},\"datePublished\":\"2022-12-08T15:45:32+00:00\",\"dateModified\":\"2022-12-08T16:40:43+00:00\",\"breadcrumb\":{\"@id\":\"https:\\\/\\\/ethrat.ch\\\/de\\\/ernennungen-dezember-22\\\/#breadcrumb\"},\"inLanguage\":\"de\",\"potentialAction\":[{\"@type\":\"ReadAction\",\"target\":[\"https:\\\/\\\/ethrat.ch\\\/de\\\/ernennungen-dezember-22\\\/\"]}]},{\"@type\":\"BreadcrumbList\",\"@id\":\"https:\\\/\\\/ethrat.ch\\\/de\\\/ernennungen-dezember-22\\\/#breadcrumb\",\"itemListElement\":[{\"@type\":\"ListItem\",\"position\":1,\"name\":\"Home\",\"item\":\"https:\\\/\\\/ethrat.ch\\\/de\\\/\"},{\"@type\":\"ListItem\",\"position\":2,\"name\":\"13 Professorinnen und Professoren an den beiden ETH ernannt\"}]},{\"@type\":\"WebSite\",\"@id\":\"https:\\\/\\\/ethrat.ch\\\/de\\\/#website\",\"url\":\"https:\\\/\\\/ethrat.ch\\\/de\\\/\",\"name\":\"ETH-Rat\",\"description\":\"\",\"publisher\":{\"@id\":\"https:\\\/\\\/ethrat.ch\\\/de\\\/#organization\"},\"potentialAction\":[{\"@type\":\"SearchAction\",\"target\":{\"@type\":\"EntryPoint\",\"urlTemplate\":\"https:\\\/\\\/ethrat.ch\\\/de\\\/?s={search_term_string}\"},\"query-input\":{\"@type\":\"PropertyValueSpecification\",\"valueRequired\":true,\"valueName\":\"search_term_string\"}}],\"inLanguage\":\"de\"},{\"@type\":\"Organization\",\"@id\":\"https:\\\/\\\/ethrat.ch\\\/de\\\/#organization\",\"name\":\"ETH-Rat\",\"url\":\"https:\\\/\\\/ethrat.ch\\\/de\\\/\",\"logo\":{\"@type\":\"ImageObject\",\"inLanguage\":\"de\",\"@id\":\"https:\\\/\\\/ethrat.ch\\\/de\\\/#\\\/schema\\\/logo\\\/image\\\/\",\"url\":\"https:\\\/\\\/ethrat.ch\\\/wp-content\\\/uploads\\\/2024\\\/04\\\/logo-white.svg\",\"contentUrl\":\"https:\\\/\\\/ethrat.ch\\\/wp-content\\\/uploads\\\/2024\\\/04\\\/logo-white.svg\",\"width\":283,\"height\":81,\"caption\":\"ETH-Rat\"},\"image\":{\"@id\":\"https:\\\/\\\/ethrat.ch\\\/de\\\/#\\\/schema\\\/logo\\\/image\\\/\"},\"sameAs\":[\"https:\\\/\\\/x.com\\\/eth_rat\",\"https:\\\/\\\/issuu.com\\\/ethrat\",\"https:\\\/\\\/www.linkedin.com\\\/company\\\/eth-rat\\\/\"]},{\"@type\":\"Person\",\"@id\":\"https:\\\/\\\/ethrat.ch\\\/de\\\/#\\\/schema\\\/person\\\/cd4b3d02ff8338497461f0f4743d487b\",\"name\":\"Sandra Fl\u00fcckiger\",\"image\":{\"@type\":\"ImageObject\",\"inLanguage\":\"de\",\"@id\":\"https:\\\/\\\/secure.gravatar.com\\\/avatar\\\/2c576eeac110cc2f54fdd3129fb882deb825aae979e7fb4abc0d056ab04364b4?s=96&d=mm&r=g\",\"url\":\"https:\\\/\\\/secure.gravatar.com\\\/avatar\\\/2c576eeac110cc2f54fdd3129fb882deb825aae979e7fb4abc0d056ab04364b4?s=96&d=mm&r=g\",\"contentUrl\":\"https:\\\/\\\/secure.gravatar.com\\\/avatar\\\/2c576eeac110cc2f54fdd3129fb882deb825aae979e7fb4abc0d056ab04364b4?s=96&d=mm&r=g\",\"caption\":\"Sandra Fl\u00fcckiger\"},\"url\":\"https:\\\/\\\/ethrat.ch\\\/de\\\/author\\\/sandra-flueckigerethrat-ch\\\/\"}]}<\/script>\n<!-- \/ Yoast SEO plugin. -->","yoast_head_json":{"title":"13 Professorinnen und Professoren an den beiden ETH ernannt - ETH-Rat","robots":{"index":"index","follow":"follow","max-snippet":"max-snippet:-1","max-image-preview":"max-image-preview:large","max-video-preview":"max-video-preview:-1"},"canonical":"https:\/\/ethrat.ch\/de\/ernennungen-dezember-22\/","og_locale":"de_DE","og_type":"article","og_title":"13 Professorinnen und Professoren an den beiden ETH ernannt - ETH-Rat","og_description":"Der ETH-Rat hat an seiner Sitzung vom 7.\/8. Dezember 2022 auf Antrag des Pr\u00e4sidenten der ETH Z\u00fcrich, Prof. Dr. Jo\u00ebl Mesot, und des Pr\u00e4sidenten der EPFL, Prof. Dr. Martin Vetterli, insgesamt 6 Professorinnen und 7 Professoren ernannt, einen Professorentitel verliehen und den R\u00fccktritt von 10 Professorinnen und Professoren mit Verdankung zur Kenntnis genommen. Im Jahr ...","og_url":"https:\/\/ethrat.ch\/de\/ernennungen-dezember-22\/","og_site_name":"ETH-Rat","article_published_time":"2022-12-08T15:45:32+00:00","article_modified_time":"2022-12-08T16:40:43+00:00","author":"Sandra Fl\u00fcckiger","twitter_card":"summary_large_image","twitter_creator":"@eth_rat","twitter_site":"@eth_rat","twitter_misc":{"Verfasst von":"Sandra Fl\u00fcckiger","Gesch\u00e4tzte Lesezeit":"12\u00a0Minuten"},"schema":{"@context":"https:\/\/schema.org","@graph":[{"@type":"Article","@id":"https:\/\/ethrat.ch\/de\/ernennungen-dezember-22\/#article","isPartOf":{"@id":"https:\/\/ethrat.ch\/de\/ernennungen-dezember-22\/"},"author":{"name":"Sandra Fl\u00fcckiger","@id":"https:\/\/ethrat.ch\/de\/#\/schema\/person\/cd4b3d02ff8338497461f0f4743d487b"},"headline":"13 Professorinnen und Professoren an den beiden ETH ernannt","datePublished":"2022-12-08T15:45:32+00:00","dateModified":"2022-12-08T16:40:43+00:00","mainEntityOfPage":{"@id":"https:\/\/ethrat.ch\/de\/ernennungen-dezember-22\/"},"wordCount":2495,"commentCount":0,"publisher":{"@id":"https:\/\/ethrat.ch\/de\/#organization"},"articleSection":["Medienmitteilung"],"inLanguage":"de","potentialAction":[{"@type":"CommentAction","name":"Comment","target":["https:\/\/ethrat.ch\/de\/ernennungen-dezember-22\/#respond"]}]},{"@type":"WebPage","@id":"https:\/\/ethrat.ch\/de\/ernennungen-dezember-22\/","url":"https:\/\/ethrat.ch\/de\/ernennungen-dezember-22\/","name":"13 Professorinnen und Professoren an den beiden ETH ernannt - ETH-Rat","isPartOf":{"@id":"https:\/\/ethrat.ch\/de\/#website"},"datePublished":"2022-12-08T15:45:32+00:00","dateModified":"2022-12-08T16:40:43+00:00","breadcrumb":{"@id":"https:\/\/ethrat.ch\/de\/ernennungen-dezember-22\/#breadcrumb"},"inLanguage":"de","potentialAction":[{"@type":"ReadAction","target":["https:\/\/ethrat.ch\/de\/ernennungen-dezember-22\/"]}]},{"@type":"BreadcrumbList","@id":"https:\/\/ethrat.ch\/de\/ernennungen-dezember-22\/#breadcrumb","itemListElement":[{"@type":"ListItem","position":1,"name":"Home","item":"https:\/\/ethrat.ch\/de\/"},{"@type":"ListItem","position":2,"name":"13 Professorinnen und Professoren an den beiden ETH ernannt"}]},{"@type":"WebSite","@id":"https:\/\/ethrat.ch\/de\/#website","url":"https:\/\/ethrat.ch\/de\/","name":"ETH-Rat","description":"","publisher":{"@id":"https:\/\/ethrat.ch\/de\/#organization"},"potentialAction":[{"@type":"SearchAction","target":{"@type":"EntryPoint","urlTemplate":"https:\/\/ethrat.ch\/de\/?s={search_term_string}"},"query-input":{"@type":"PropertyValueSpecification","valueRequired":true,"valueName":"search_term_string"}}],"inLanguage":"de"},{"@type":"Organization","@id":"https:\/\/ethrat.ch\/de\/#organization","name":"ETH-Rat","url":"https:\/\/ethrat.ch\/de\/","logo":{"@type":"ImageObject","inLanguage":"de","@id":"https:\/\/ethrat.ch\/de\/#\/schema\/logo\/image\/","url":"https:\/\/ethrat.ch\/wp-content\/uploads\/2024\/04\/logo-white.svg","contentUrl":"https:\/\/ethrat.ch\/wp-content\/uploads\/2024\/04\/logo-white.svg","width":283,"height":81,"caption":"ETH-Rat"},"image":{"@id":"https:\/\/ethrat.ch\/de\/#\/schema\/logo\/image\/"},"sameAs":["https:\/\/x.com\/eth_rat","https:\/\/issuu.com\/ethrat","https:\/\/www.linkedin.com\/company\/eth-rat\/"]},{"@type":"Person","@id":"https:\/\/ethrat.ch\/de\/#\/schema\/person\/cd4b3d02ff8338497461f0f4743d487b","name":"Sandra Fl\u00fcckiger","image":{"@type":"ImageObject","inLanguage":"de","@id":"https:\/\/secure.gravatar.com\/avatar\/2c576eeac110cc2f54fdd3129fb882deb825aae979e7fb4abc0d056ab04364b4?s=96&d=mm&r=g","url":"https:\/\/secure.gravatar.com\/avatar\/2c576eeac110cc2f54fdd3129fb882deb825aae979e7fb4abc0d056ab04364b4?s=96&d=mm&r=g","contentUrl":"https:\/\/secure.gravatar.com\/avatar\/2c576eeac110cc2f54fdd3129fb882deb825aae979e7fb4abc0d056ab04364b4?s=96&d=mm&r=g","caption":"Sandra Fl\u00fcckiger"},"url":"https:\/\/ethrat.ch\/de\/author\/sandra-flueckigerethrat-ch\/"}]}},"_links":{"self":[{"href":"https:\/\/ethrat.ch\/de\/wp-json\/wp\/v2\/posts\/36402","targetHints":{"allow":["GET"]}}],"collection":[{"href":"https:\/\/ethrat.ch\/de\/wp-json\/wp\/v2\/posts"}],"about":[{"href":"https:\/\/ethrat.ch\/de\/wp-json\/wp\/v2\/types\/post"}],"author":[{"embeddable":true,"href":"https:\/\/ethrat.ch\/de\/wp-json\/wp\/v2\/users\/12"}],"replies":[{"embeddable":true,"href":"https:\/\/ethrat.ch\/de\/wp-json\/wp\/v2\/comments?post=36402"}],"version-history":[{"count":0,"href":"https:\/\/ethrat.ch\/de\/wp-json\/wp\/v2\/posts\/36402\/revisions"}],"wp:attachment":[{"href":"https:\/\/ethrat.ch\/de\/wp-json\/wp\/v2\/media?parent=36402"}],"wp:term":[{"taxonomy":"category","embeddable":true,"href":"https:\/\/ethrat.ch\/de\/wp-json\/wp\/v2\/categories?post=36402"},{"taxonomy":"post_tag","embeddable":true,"href":"https:\/\/ethrat.ch\/de\/wp-json\/wp\/v2\/tags?post=36402"},{"taxonomy":"search-tag","embeddable":true,"href":"https:\/\/ethrat.ch\/de\/wp-json\/wp\/v2\/search-tag?post=36402"}],"curies":[{"name":"wp","href":"https:\/\/api.w.org\/{rel}","templated":true}]}}